{"id":96104,"date":"2018-04-11T11:50:56","date_gmt":"2018-04-11T14:50:56","guid":{"rendered":"http:\/\/diarioregionaljf.com.br\/2018\/04\/11\/coronel-lima-atuou-com-legalidade-e-lisura-em-campanhas-diz-planalto\/"},"modified":"2018-04-11T11:50:56","modified_gmt":"2018-04-11T14:50:56","slug":"coronel-lima-atuou-com-legalidade-e-lisura-em-campanhas-diz-planalto","status":"publish","type":"post","link":"https:\/\/diarioregionaldigital.com.br\/?p=96104","title":{"rendered":"Coronel Lima atuou com legalidade e lisura em campanhas, diz Planalto"},"content":{"rendered":"<p>A Secretaria de Comunica\u00e7\u00e3o Social da Presid\u00eancia da Rep\u00fablica divulgou nota na noite de hoje em que defende a legalidade da atua\u00e7\u00e3o de Jo\u00e3o Batista Lima Sobrinho, conhecido como Coronel Lima, nas campanhas eleitorais do MDB.<\/p>\n<p>&#8220;Todas as atribui\u00e7\u00f5es do coronel Jo\u00e3o Batista Lima Sobrinho em campanhas do presidente Michel Temer sempre foram pautadas pela legalidade, lisura e corre\u00e7\u00e3o. Essa velha acusa\u00e7\u00e3o volta a ser requentada hoje pelas autoridades sem que haja provas reais&#8221;, diz a nota.<\/p>\n<p>A 12\u00aa Vara Federal de Bras\u00edlia aceitou den\u00fancia contra Lima e mais os ex-deputados federais Geddel Vieira Lima, Eduardo Cunha, Rodrigo Rocha Loures e Henrique Eduardo Alves. Eles s\u00e3o acusados de formar uma organiza\u00e7\u00e3o criminosa que seria respons\u00e1vel por negociar vantagens indevidas na Petrobras, na Caixa e na pr\u00f3pria C\u00e2mara dos Deputados, segundo a Procuradoria-Geral da Rep\u00fablica (PGR).<\/p>\n<p>Para o Pal\u00e1cio do Planalto, o caso est\u00e1 sendo usado para difamar o presidente. &#8220;O assunto tem como \u00fanico objetivo manter campanha difamat\u00f3ria contra o presidente sem que ass investiga\u00e7\u00f5es produzam fatos reais. Ou seja, s\u00e3o apenas fic\u00e7\u00f5es em s\u00e9rie&#8221;, diz a nota.<\/p>\n<p>Fonte: Ag\u00eancia Brasil<\/p>\n","protected":false},"excerpt":{"rendered":"<p>A Secretaria de Comunica\u00e7\u00e3o Social da Presid\u00eancia da Rep\u00fablica divulgou nota na noite de hoje em que defende a legalidade da atua\u00e7\u00e3o de Jo\u00e3o Batista Lima Sobrinho, conhecido como Coronel Lima, nas campanhas eleitorais do MDB. &#8220;Todas as atribui\u00e7\u00f5es do coronel Jo\u00e3o Batista Lima Sobrinho em campanhas do presidente Michel Temer sempre foram pautadas pela [&hellip;]<\/p>\n","protected":false},"author":96,"featured_media":96103,"comment_status":"closed","ping_status":"closed","sticky":false,"template":"","format":"standard","meta":{"footnotes":""},"categories":[254],"tags":[],"class_list":["post-96104","post","type-post","status-publish","format-standard","has-post-thumbnail","hentry","category-politica"],"_links":{"self":[{"href":"https:\/\/diarioregionaldigital.com.br\/index.php?rest_route=\/wp\/v2\/posts\/96104","targetHints":{"allow":["GET"]}}],"collection":[{"href":"https:\/\/diarioregionaldigital.com.br\/index.php?rest_route=\/wp\/v2\/posts"}],"about":[{"href":"https:\/\/diarioregionaldigital.com.br\/index.php?rest_route=\/wp\/v2\/types\/post"}],"author":[{"embeddable":true,"href":"https:\/\/diarioregionaldigital.com.br\/index.php?rest_route=\/wp\/v2\/users\/96"}],"replies":[{"embeddable":true,"href":"https:\/\/diarioregionaldigital.com.br\/index.php?rest_route=%2Fwp%2Fv2%2Fcomments&post=96104"}],"version-history":[{"count":0,"href":"https:\/\/diarioregionaldigital.com.br\/index.php?rest_route=\/wp\/v2\/posts\/96104\/revisions"}],"wp:featuredmedia":[{"embeddable":true,"href":"https:\/\/diarioregionaldigital.com.br\/index.php?rest_route=\/wp\/v2\/media\/96103"}],"wp:attachment":[{"href":"https:\/\/diarioregionaldigital.com.br\/index.php?rest_route=%2Fwp%2Fv2%2Fmedia&parent=96104"}],"wp:term":[{"taxonomy":"category","embeddable":true,"href":"https:\/\/diarioregionaldigital.com.br\/index.php?rest_route=%2Fwp%2Fv2%2Fcategories&post=96104"},{"taxonomy":"post_tag","embeddable":true,"href":"https:\/\/diarioregionaldigital.com.br\/index.php?rest_route=%2Fwp%2Fv2%2Ftags&post=96104"}],"curies":[{"name":"wp","href":"https:\/\/api.w.org\/{rel}","templated":true}]}}