{"id":96099,"date":"2018-04-11T11:43:31","date_gmt":"2018-04-11T14:43:31","guid":{"rendered":"http:\/\/diarioregionaljf.com.br\/2018\/04\/11\/governo-do-estado-abre-edital-para-contratacao-de-brigadistas\/"},"modified":"2018-04-11T11:43:31","modified_gmt":"2018-04-11T14:43:31","slug":"governo-do-estado-abre-edital-para-contratacao-de-brigadistas","status":"publish","type":"post","link":"https:\/\/diarioregionaldigital.com.br\/?p=96099","title":{"rendered":"Governo do Estado abre edital para contrata\u00e7\u00e3o de brigadistas"},"content":{"rendered":"<p>Minas Gerais j\u00e1 se prepara para atuar durante a temporada de inc\u00eandios florestais. A Secretaria de Estado de Meio Ambiente e Desenvolvimento Sustent\u00e1vel (Semad) publicou o <a href=\"http:\/\/jornal.iof.mg.gov.br\/xmlui\/handle\/123456789\/198821?paginaCorrente=01&amp;posicaoPagCorrente=198818&amp;linkBase=http%3A%2F%2Fjornal.iof.mg.gov.br%3A80%2Fxmlui%2Fhandle%2F123456789%2F&amp;totalPaginas=40&amp;paginaDestino=4&amp;indice=4\" target=\"_blank\" rel=\"noopener noreferrer\">edital n\u00ba 01\/2018<\/a> para contrata\u00e7\u00e3o tempor\u00e1ria de 253 profissionais destinados \u00e0 preven\u00e7\u00e3o e combate a inc\u00eandios em unidades de conserva\u00e7\u00e3o (UCs) mineiras.<\/p>\n<p>O processo seletivo simplificado, publicado no <a href=\"http:\/\/www.iof.mg.gov.br\/\" target=\"_blank\" rel=\"noopener noreferrer\">Di\u00e1rio Oficial do Estado<\/a>, prev\u00ea contrata\u00e7\u00e3o por um per\u00edodo de quatro meses, que pode ser prorrogado.<\/p>\n<p>Das 253 vagas, 252 s\u00e3o para brigadistas e uma para l\u00edder regional de brigada. Esses profissionais atuar\u00e3o nas UCs e nas Unidades Operacionais da For\u00e7a Tarefa Previnc\u00eandio, em atividades de preven\u00e7\u00e3o, monitoramento e combate a inc\u00eandios florestais.<\/p>\n<p>A carga hor\u00e1ria \u00e9 de 40 horas semanais e a remunera\u00e7\u00e3o \u00e9 de R$1.240,20 para brigadista e de R$2.480,40 para l\u00edder regional de brigada. Os valores s\u00e3o acrescidos de aux\u00edlio-alimenta\u00e7\u00e3o e aux\u00edlio-transporte, quando couber.<\/p>\n<p>As inscri\u00e7\u00f5es no processo seletivo s\u00e3o gratuitas e podem ser feitas at\u00e9 \u00e0s 23h59 do pr\u00f3ximo domingo, 15, exclusivamente pelo site <a href=\"http:\/\/www.ief.mg.gov.br\">d<\/a>o <a href=\"http:\/\/www.ief.mg.gov.br\/\" target=\"_blank\" rel=\"noopener noreferrer\">Instituto Estadual de Florestas<\/a>.<\/p>\n<p>Podem participar candidatos com idade m\u00ednima de 18 anos completos na data da inscri\u00e7\u00e3o, que estejam em dia com suas obriga\u00e7\u00f5es militares e eleitorais, al\u00e9m de atender a outros requisitos definidos no edital, de acordo com o cargo ao qual desejam concorrer.<\/p>\n<p>O processo de sele\u00e7\u00e3o dos candidatos \u00e0s vagas de brigadistas ser\u00e1 realizado nas seguintes etapas: a) inscri\u00e7\u00e3o; b) comprova\u00e7\u00e3o documental; e c) curso de forma\u00e7\u00e3o de brigada e teste de aptid\u00e3o e de habilidade no uso de ferramentas agr\u00edcolas. Este \u00faltimo tem car\u00e1ter classificat\u00f3rio e eliminat\u00f3rio.<\/p>\n<p>J\u00e1 os candidatos que concorrem \u00e0 vaga de l\u00edder regional de brigada de preven\u00e7\u00e3o e combate a inc\u00eandios florestais ser\u00e3o submetidos a uma entrevista, que corresponde \u00e0 segunda etapa, e, posteriormente, ao curso de forma\u00e7\u00e3o de brigada.<\/p>\n<p>Os resultados parciais e finais do Processo Seletivo ser\u00e3o disponibilizados nos sites da Semad e do IEF, nas Unidades de Conserva\u00e7\u00e3o e locais de atua\u00e7\u00e3o que constam no edital.<\/p>\n<p>&nbsp;<\/p>\n<p>Fonte: Assessoria<\/p>\n","protected":false},"excerpt":{"rendered":"<p>Minas Gerais j\u00e1 se prepara para atuar durante a temporada de inc\u00eandios florestais. A Secretaria de Estado de Meio Ambiente e Desenvolvimento Sustent\u00e1vel (Semad) publicou o edital n\u00ba 01\/2018 para contrata\u00e7\u00e3o tempor\u00e1ria de 253 profissionais destinados \u00e0 preven\u00e7\u00e3o e combate a inc\u00eandios em unidades de conserva\u00e7\u00e3o (UCs) mineiras. O processo seletivo simplificado, publicado no Di\u00e1rio [&hellip;]<\/p>\n","protected":false},"author":96,"featured_media":96098,"comment_status":"closed","ping_status":"closed","sticky":false,"template":"","format":"standard","meta":{"footnotes":""},"categories":[280],"tags":[],"class_list":["post-96099","post","type-post","status-publish","format-standard","has-post-thumbnail","hentry","category-concurso"],"_links":{"self":[{"href":"https:\/\/diarioregionaldigital.com.br\/index.php?rest_route=\/wp\/v2\/posts\/96099","targetHints":{"allow":["GET"]}}],"collection":[{"href":"https:\/\/diarioregionaldigital.com.br\/index.php?rest_route=\/wp\/v2\/posts"}],"about":[{"href":"https:\/\/diarioregionaldigital.com.br\/index.php?rest_route=\/wp\/v2\/types\/post"}],"author":[{"embeddable":true,"href":"https:\/\/diarioregionaldigital.com.br\/index.php?rest_route=\/wp\/v2\/users\/96"}],"replies":[{"embeddable":true,"href":"https:\/\/diarioregionaldigital.com.br\/index.php?rest_route=%2Fwp%2Fv2%2Fcomments&post=96099"}],"version-history":[{"count":0,"href":"https:\/\/diarioregionaldigital.com.br\/index.php?rest_route=\/wp\/v2\/posts\/96099\/revisions"}],"wp:featuredmedia":[{"embeddable":true,"href":"https:\/\/diarioregionaldigital.com.br\/index.php?rest_route=\/wp\/v2\/media\/96098"}],"wp:attachment":[{"href":"https:\/\/diarioregionaldigital.com.br\/index.php?rest_route=%2Fwp%2Fv2%2Fmedia&parent=96099"}],"wp:term":[{"taxonomy":"category","embeddable":true,"href":"https:\/\/diarioregionaldigital.com.br\/index.php?rest_route=%2Fwp%2Fv2%2Fcategories&post=96099"},{"taxonomy":"post_tag","embeddable":true,"href":"https:\/\/diarioregionaldigital.com.br\/index.php?rest_route=%2Fwp%2Fv2%2Ftags&post=96099"}],"curies":[{"name":"wp","href":"https:\/\/api.w.org\/{rel}","templated":true}]}}