{"id":96096,"date":"2018-04-11T11:39:54","date_gmt":"2018-04-11T14:39:54","guid":{"rendered":"http:\/\/diarioregionaljf.com.br\/2018\/04\/11\/senadores-aprovam-proibicao-a-contingenciamento-de-verbas-de-fundo-de-seguranca-2\/"},"modified":"2018-04-11T11:39:54","modified_gmt":"2018-04-11T14:39:54","slug":"senadores-aprovam-proibicao-a-contingenciamento-de-verbas-de-fundo-de-seguranca-2","status":"publish","type":"post","link":"https:\/\/diarioregionaldigital.com.br\/?p=96096","title":{"rendered":"Senadores aprovam proibi\u00e7\u00e3o a contingenciamento de verbas de fundo de seguran\u00e7a"},"content":{"rendered":"<p>O Senado aprovou nessa ter\u00e7a-feira, 10, projeto que pro\u00edbe o contingenciamento de recursos do Fundo Nacional de Seguran\u00e7a P\u00fablica (FNSP). O PLS 90\/2007- Complementar, que tem objetivo de reduzir a viol\u00eancia e o n\u00edvel de inseguran\u00e7a da popula\u00e7\u00e3o, segue para a C\u00e2mara dos Deputados. A seguran\u00e7a p\u00fablica \u00e9 uma das prioridades do Congresso Nacional neste ano.<\/p>\n<p>O contingenciamento de recursos tem sido usado como instrumento de ajuste fiscal, para o equil\u00edbrio or\u00e7ament\u00e1rio entre as receitas e as despesas p\u00fablicas. Ap\u00f3s a publica\u00e7\u00e3o do Or\u00e7amento, o Executivo tem 30 dias para estabelecer a programa\u00e7\u00e3o financeira. Como grande parte dos recursos n\u00e3o \u00e9 de execu\u00e7\u00e3o obrigat\u00f3ria, muito do previsto no Or\u00e7amento acaba n\u00e3o sendo cumprido.<\/p>\n<p>O projeto restringiu a proibi\u00e7\u00e3o ao contingenciamento de recursos do Fundo Nacional de Seguran\u00e7a P\u00fablica, o que n\u00e3o inclui todos os recursos or\u00e7ament\u00e1rios da \u00e1rea.<\/p>\n<p>O FNSP apoia projetos na \u00e1rea de seguran\u00e7a p\u00fablica e de preven\u00e7\u00e3o \u00e0 viol\u00eancia destinados, entre outras finalidades, a sistemas de informa\u00e7\u00e3o, intelig\u00eancia e investiga\u00e7\u00e3o e a programas de pol\u00edcia comunit\u00e1ria. Outra finalidade prevista em lei \u00e9 reequipar, treinar e qualificar as pol\u00edcias.<\/p>\n<p>Fonte: Ag\u00eancia Brasil<\/p>\n","protected":false},"excerpt":{"rendered":"<p>O Senado aprovou nessa ter\u00e7a-feira, 10, projeto que pro\u00edbe o contingenciamento de recursos do Fundo Nacional de Seguran\u00e7a P\u00fablica (FNSP). O PLS 90\/2007- Complementar, que tem objetivo de reduzir a viol\u00eancia e o n\u00edvel de inseguran\u00e7a da popula\u00e7\u00e3o, segue para a C\u00e2mara dos Deputados. A seguran\u00e7a p\u00fablica \u00e9 uma das prioridades do Congresso Nacional neste [&hellip;]<\/p>\n","protected":false},"author":96,"featured_media":96087,"comment_status":"closed","ping_status":"closed","sticky":false,"template":"","format":"standard","meta":{"footnotes":""},"categories":[254],"tags":[],"class_list":["post-96096","post","type-post","status-publish","format-standard","has-post-thumbnail","hentry","category-politica"],"_links":{"self":[{"href":"https:\/\/diarioregionaldigital.com.br\/index.php?rest_route=\/wp\/v2\/posts\/96096","targetHints":{"allow":["GET"]}}],"collection":[{"href":"https:\/\/diarioregionaldigital.com.br\/index.php?rest_route=\/wp\/v2\/posts"}],"about":[{"href":"https:\/\/diarioregionaldigital.com.br\/index.php?rest_route=\/wp\/v2\/types\/post"}],"author":[{"embeddable":true,"href":"https:\/\/diarioregionaldigital.com.br\/index.php?rest_route=\/wp\/v2\/users\/96"}],"replies":[{"embeddable":true,"href":"https:\/\/diarioregionaldigital.com.br\/index.php?rest_route=%2Fwp%2Fv2%2Fcomments&post=96096"}],"version-history":[{"count":0,"href":"https:\/\/diarioregionaldigital.com.br\/index.php?rest_route=\/wp\/v2\/posts\/96096\/revisions"}],"wp:featuredmedia":[{"embeddable":true,"href":"https:\/\/diarioregionaldigital.com.br\/index.php?rest_route=\/wp\/v2\/media\/96087"}],"wp:attachment":[{"href":"https:\/\/diarioregionaldigital.com.br\/index.php?rest_route=%2Fwp%2Fv2%2Fmedia&parent=96096"}],"wp:term":[{"taxonomy":"category","embeddable":true,"href":"https:\/\/diarioregionaldigital.com.br\/index.php?rest_route=%2Fwp%2Fv2%2Fcategories&post=96096"},{"taxonomy":"post_tag","embeddable":true,"href":"https:\/\/diarioregionaldigital.com.br\/index.php?rest_route=%2Fwp%2Fv2%2Ftags&post=96096"}],"curies":[{"name":"wp","href":"https:\/\/api.w.org\/{rel}","templated":true}]}}