{"id":96095,"date":"2018-04-11T11:34:37","date_gmt":"2018-04-11T14:34:37","guid":{"rendered":"http:\/\/diarioregionaljf.com.br\/2018\/04\/11\/senado-aprova-competencia-da-justica-eleitoral-para-julgar-conflitos-partidarios-2\/"},"modified":"2018-04-11T11:34:37","modified_gmt":"2018-04-11T14:34:37","slug":"senado-aprova-competencia-da-justica-eleitoral-para-julgar-conflitos-partidarios-2","status":"publish","type":"post","link":"https:\/\/diarioregionaldigital.com.br\/?p=96095","title":{"rendered":"Senado aprova compet\u00eancia da Justi\u00e7a Eleitoral para julgar conflitos partid\u00e1rios"},"content":{"rendered":"<p>O plen\u00e1rio do Senado aprovou nessa ter\u00e7a-feira, 10, o projeto de lei (PLS 181\/2017) que estabelece como compet\u00eancia da Justi\u00e7a Eleitoral para julgar a\u00e7\u00f5es que tratem sobre a disputa interna dentro dos partidos. Atualmente, esses conflitos s\u00e3o julgados pela Justi\u00e7a Comum. A proposta segue para a an\u00e1lise da C\u00e2mara dos Deputados.<\/p>\n<p>Para o autor da proposta, senador Romero Juc\u00e1 (MDB-RR), o julgamento pela Justi\u00e7a comum gera \u201cdiscrep\u00e2ncias\u201d no sistema, tanto pela especialidade da mat\u00e9ria eleitoral quanto pela inadequa\u00e7\u00e3o de prazos estabelecidos no processo comum.<\/p>\n<p>A proposta estabelece que o julgamento de quest\u00f5es internas dos partidos poder\u00e1 caber ao Tribunal Superior Eleitoral (TSE), aos tribunais regionais eleitorais (TREs) ou a um juiz eleitoral. Essa defini\u00e7\u00e3o depender\u00e1 de qual inst\u00e2ncia do partido tiver originado o ato contestado: \u00f3rg\u00e3o nacional; estadual ou regional; ou municipal ou zonal.<\/p>\n<p>O PLS 181\/2017 tamb\u00e9m determina que, quando se tratar de ju\u00edzes substitutos, os regimentos internos dos tribunais eleitorais dever\u00e3o regular a compet\u00eancia desses magistrados para analisar e julgar processos relacionados \u00e0 presta\u00e7\u00e3o de contas, propaganda eleitoral e partid\u00e1ria e disputas intrapartid\u00e1rias.<\/p>\n<p>Pelo projeto, a Justi\u00e7a Eleitoral se limitar\u00e1 a examinar a validade formal, o enquadramento na legisla\u00e7\u00e3o eleitoral e o respeito aos direitos dos filiados quando julgar a\u00e7\u00f5es envolvendo disputas intrapartid\u00e1rias ou a validade de atos partid\u00e1rios. Os ju\u00edzes eleitorais n\u00e3o dever\u00e3o se manifestar sobre a oportunidade ou a conveni\u00eancia da decis\u00e3o tomada pelo partido.<\/p>\n<p>Ap\u00f3s um impasse no plen\u00e1rio, foi inclu\u00edda uma emenda de reda\u00e7\u00e3o para explicitar que o projeto n\u00e3o alcan\u00e7ar\u00e1 os casos que se enquadram na Lei da Ficha Limpa.<\/p>\n<p>A proposta tamb\u00e9m admite a apresenta\u00e7\u00e3o de a\u00e7\u00e3o rescis\u00f3ria para reverter decis\u00f5es finais do TSE sobre inelegibilidade de agentes pol\u00edticos. A a\u00e7\u00e3o dever\u00e1 ser proposta at\u00e9 180 dias ap\u00f3s a expedi\u00e7\u00e3o da senten\u00e7a e n\u00e3o incluir\u00e1 o restabelecimento do registro, do diploma ou de mandatos cassados.<\/p>\n<p>Outra hip\u00f3tese para admiss\u00e3o do processo recis\u00f3rio s\u00e3o os casos de decis\u00e3o do TSE que rejeite as contas de partido pol\u00edtico ou as considere n\u00e3o prestadas.<\/p>\n<p>Fonte: Ag\u00eancia Brasil<\/p>\n","protected":false},"excerpt":{"rendered":"<p>O plen\u00e1rio do Senado aprovou nessa ter\u00e7a-feira, 10, o projeto de lei (PLS 181\/2017) que estabelece como compet\u00eancia da Justi\u00e7a Eleitoral para julgar a\u00e7\u00f5es que tratem sobre a disputa interna dentro dos partidos. Atualmente, esses conflitos s\u00e3o julgados pela Justi\u00e7a Comum. A proposta segue para a an\u00e1lise da C\u00e2mara dos Deputados. Para o autor da [&hellip;]<\/p>\n","protected":false},"author":96,"featured_media":95866,"comment_status":"closed","ping_status":"closed","sticky":false,"template":"","format":"standard","meta":{"footnotes":""},"categories":[254],"tags":[],"class_list":["post-96095","post","type-post","status-publish","format-standard","has-post-thumbnail","hentry","category-politica"],"_links":{"self":[{"href":"https:\/\/diarioregionaldigital.com.br\/index.php?rest_route=\/wp\/v2\/posts\/96095","targetHints":{"allow":["GET"]}}],"collection":[{"href":"https:\/\/diarioregionaldigital.com.br\/index.php?rest_route=\/wp\/v2\/posts"}],"about":[{"href":"https:\/\/diarioregionaldigital.com.br\/index.php?rest_route=\/wp\/v2\/types\/post"}],"author":[{"embeddable":true,"href":"https:\/\/diarioregionaldigital.com.br\/index.php?rest_route=\/wp\/v2\/users\/96"}],"replies":[{"embeddable":true,"href":"https:\/\/diarioregionaldigital.com.br\/index.php?rest_route=%2Fwp%2Fv2%2Fcomments&post=96095"}],"version-history":[{"count":0,"href":"https:\/\/diarioregionaldigital.com.br\/index.php?rest_route=\/wp\/v2\/posts\/96095\/revisions"}],"wp:featuredmedia":[{"embeddable":true,"href":"https:\/\/diarioregionaldigital.com.br\/index.php?rest_route=\/wp\/v2\/media\/95866"}],"wp:attachment":[{"href":"https:\/\/diarioregionaldigital.com.br\/index.php?rest_route=%2Fwp%2Fv2%2Fmedia&parent=96095"}],"wp:term":[{"taxonomy":"category","embeddable":true,"href":"https:\/\/diarioregionaldigital.com.br\/index.php?rest_route=%2Fwp%2Fv2%2Fcategories&post=96095"},{"taxonomy":"post_tag","embeddable":true,"href":"https:\/\/diarioregionaldigital.com.br\/index.php?rest_route=%2Fwp%2Fv2%2Ftags&post=96095"}],"curies":[{"name":"wp","href":"https:\/\/api.w.org\/{rel}","templated":true}]}}