{"id":96076,"date":"2018-04-10T23:47:20","date_gmt":"2018-04-11T02:47:20","guid":{"rendered":"http:\/\/diarioregionaljf.com.br\/2018\/04\/10\/passagens-aereas-puxam-para-baixo-inflacao-do-mes-de-marco-2\/"},"modified":"2018-04-10T23:47:20","modified_gmt":"2018-04-11T02:47:20","slug":"passagens-aereas-puxam-para-baixo-inflacao-do-mes-de-marco-2","status":"publish","type":"post","link":"https:\/\/diarioregionaldigital.com.br\/?p=96076","title":{"rendered":"Passagens a\u00e9reas puxam para baixo infla\u00e7\u00e3o do m\u00eas de mar\u00e7o"},"content":{"rendered":"<p>Com queda de pre\u00e7os de 15,42%, as passagens a\u00e9reas foram o item que teve maior impacto no recuo da taxa de infla\u00e7\u00e3o de 0,32%, em fevereiro, para 0,09%, em mar\u00e7o deste ano. De acordo com o Instituto Brasileiro de Geografia e Estat\u00edstica (IBGE), a queda de pre\u00e7os para mar\u00e7o era esperada, j\u00e1 que os meses anteriores (janeiro e fevereiro) s\u00e3o de f\u00e9rias escolares e mar\u00e7o \u00e9 m\u00eas de volta \u00e0s aulas, quando a demanda por passagens se reduz.<\/p>\n<p>O \u00cdndice Nacional de Pre\u00e7os ao Consumidor Amplo (IPCA), que mede a infla\u00e7\u00e3o oficial do pa\u00eds, foi divulgado nessa ter\u00e7a-feira, 10, pelo IBGE.<\/p>\n<p>Com a queda das passagens e o recuo de 0,19% do pre\u00e7o da gasolina, o grupo transportes teve defla\u00e7\u00e3o (queda de pre\u00e7os) de 0,25%. Outro grupo de despesa com defla\u00e7\u00e3o foi comunica\u00e7\u00e3o, com recuo de 0,33%.<\/p>\n<p>Por outro lado, o grupo de despesas sa\u00fade e cuidados pessoais, teve alta de 0,48%, com o maior impacto na infla\u00e7\u00e3o de mar\u00e7o. O principal respons\u00e1vel pela alta dos gastos com sa\u00fade foi o item plano de sa\u00fade (1,06%).<br \/>O item individual que mais contribuiu para a infla\u00e7\u00e3o em mar\u00e7o, no entanto, foi o das frutas, que tiveram alta de pre\u00e7os de 5,32%. Os pre\u00e7os dos alimentos como um todo subiram 0,07% no \u00faltimo m\u00eas.<\/p>\n<p>Os gastos com habita\u00e7\u00e3o tamb\u00e9m tiveram impacto importante na infla\u00e7\u00e3o do m\u00eas, com taxa de 0,19%, influenciados principalmente pelo aumento do custo com energia el\u00e9trica, de 0,67%. A varia\u00e7\u00e3o de pre\u00e7os pode ser explicada pelos reajustes de 9,09% e de 21,46% nas duas concession\u00e1rias de energia do Rio de Janeiro.<\/p>\n<hr \/>\n<p>&nbsp;Fonte: Ag\u00eancia Brasil<\/p>\n","protected":false},"excerpt":{"rendered":"<p>Com queda de pre\u00e7os de 15,42%, as passagens a\u00e9reas foram o item que teve maior impacto no recuo da taxa de infla\u00e7\u00e3o de 0,32%, em fevereiro, para 0,09%, em mar\u00e7o deste ano. De acordo com o Instituto Brasileiro de Geografia e Estat\u00edstica (IBGE), a queda de pre\u00e7os para mar\u00e7o era esperada, j\u00e1 que os meses [&hellip;]<\/p>\n","protected":false},"author":96,"featured_media":96047,"comment_status":"closed","ping_status":"closed","sticky":false,"template":"","format":"standard","meta":{"footnotes":""},"categories":[261],"tags":[],"class_list":["post-96076","post","type-post","status-publish","format-standard","has-post-thumbnail","hentry","category-economia"],"_links":{"self":[{"href":"https:\/\/diarioregionaldigital.com.br\/index.php?rest_route=\/wp\/v2\/posts\/96076","targetHints":{"allow":["GET"]}}],"collection":[{"href":"https:\/\/diarioregionaldigital.com.br\/index.php?rest_route=\/wp\/v2\/posts"}],"about":[{"href":"https:\/\/diarioregionaldigital.com.br\/index.php?rest_route=\/wp\/v2\/types\/post"}],"author":[{"embeddable":true,"href":"https:\/\/diarioregionaldigital.com.br\/index.php?rest_route=\/wp\/v2\/users\/96"}],"replies":[{"embeddable":true,"href":"https:\/\/diarioregionaldigital.com.br\/index.php?rest_route=%2Fwp%2Fv2%2Fcomments&post=96076"}],"version-history":[{"count":0,"href":"https:\/\/diarioregionaldigital.com.br\/index.php?rest_route=\/wp\/v2\/posts\/96076\/revisions"}],"wp:featuredmedia":[{"embeddable":true,"href":"https:\/\/diarioregionaldigital.com.br\/index.php?rest_route=\/wp\/v2\/media\/96047"}],"wp:attachment":[{"href":"https:\/\/diarioregionaldigital.com.br\/index.php?rest_route=%2Fwp%2Fv2%2Fmedia&parent=96076"}],"wp:term":[{"taxonomy":"category","embeddable":true,"href":"https:\/\/diarioregionaldigital.com.br\/index.php?rest_route=%2Fwp%2Fv2%2Fcategories&post=96076"},{"taxonomy":"post_tag","embeddable":true,"href":"https:\/\/diarioregionaldigital.com.br\/index.php?rest_route=%2Fwp%2Fv2%2Ftags&post=96076"}],"curies":[{"name":"wp","href":"https:\/\/api.w.org\/{rel}","templated":true}]}}