{"id":96072,"date":"2018-04-10T23:44:42","date_gmt":"2018-04-11T02:44:42","guid":{"rendered":"http:\/\/diarioregionaljf.com.br\/2018\/04\/10\/presidente-do-bc-afirma-que-parcelamento-sem-juros-no-cartao-de-credito-nao-vai-acabar-2\/"},"modified":"2018-04-10T23:44:42","modified_gmt":"2018-04-11T02:44:42","slug":"presidente-do-bc-afirma-que-parcelamento-sem-juros-no-cartao-de-credito-nao-vai-acabar-2","status":"publish","type":"post","link":"https:\/\/diarioregionaldigital.com.br\/?p=96072","title":{"rendered":"Presidente do BC afirma que parcelamento sem juros no cart\u00e3o de cr\u00e9dito n\u00e3o vai acabar"},"content":{"rendered":"<p>As compras parceladas sem juros no cart\u00e3o de cr\u00e9dito n\u00e3o v\u00e3o acabar. A ideia \u00e9 ter no mercado alternativas a esse tipo de compra, segundo afirmou o presidente do Banco Central (BC), Ilan Goldfajn, em audi\u00eancia na Comiss\u00e3o de Assuntos Econ\u00f4micos, no Senado.<\/p>\n<p>\u201cO parcelado sem juros n\u00e3o vai acabar. O que n\u00f3s gostar\u00edamos \u00e9 de oferecer produtos alternativos que fossem capazes de reduzir a parcela\u201d, disse. Goldfajn explicou que h\u00e1 custos embutidos nesse tipo de compra parcelada que acabam sendo pagos pelo consumidor.<br \/>Segundo Goldfajn, a ideia \u00e9 que ocorram mudan\u00e7as promovidas pelo mercado. \u201cSe o parcelado sem juros for de fato um produto que a sociedade quer manter, que mantenha\u201d, disse.<\/p>\n<p>Goldfajn acrescentou que a diferencia\u00e7\u00e3o de pre\u00e7os entre pagamento a prazo e \u00e0 vista j\u00e1 est\u00e1 acontecendo. \u201cO que se paga \u00e0 vista n\u00e3o pode ser igual ao que se paga a prazo\u201d, destacou.<\/p>\n<h4>Autonomia do BC<\/h4>\n<p>Durante a audi\u00eancia, Goldfajn tamb\u00e9m defendeu a autonomia do Banco Central, com a defini\u00e7\u00e3o de mandatos para presidente e diretores da institui\u00e7\u00e3o. \u201cA condu\u00e7\u00e3o da pol\u00edtica monet\u00e1ria [defini\u00e7\u00e3o da taxa b\u00e1sica de juros, a Selic] tem gozado de autonomia de fato, mas \u00e9 preciso construir uma autonomia de dure. Ou seja, botar na lei o que j\u00e1 existe na pr\u00e1tica\u201d, disse.<\/p>\n<p>\u201cTemos que criar institui\u00e7\u00f5es que dependam menos de pessoas e mais de regras. Caso seja aprovada por essa casa, a autonomia do Banco Central representar\u00e1 um avan\u00e7o institucional importante, com ganhos para o pa\u00eds, atrav\u00e9s da queda do risco pais e da queda da taxa de juros estrutural\u201d, acrescentou.<\/p>\n<p>O senador Romero Juc\u00e1 (MDB-RR) participou de uma reuni\u00e3o com o diretor de Relacionamento Institucional e Cidadania do BC, Isaac Sidney, sobre o projeto de autonomia do BC. Segundo Juc\u00e1, foi discutida a possibilidade de o governo ampliar o projeto com temas relacionados a cria\u00e7\u00e3o de cargos e autonomia administrativa.<\/p>\n<p>De acordo com o senador, tamb\u00e9m est\u00e1 sendo analisado se o governo enviar\u00e1 novo projeto com os acr\u00e9scimos ou se a proposta ser\u00e1 votada como est\u00e1 para posteriormente serem feitas outras mudan\u00e7as. \u201cO Banco Central quer aproveitar para colocar uma a\u00e7\u00e3o mais completa. Entendem que \u00e9 melhor discutir a modelagem toda\u201d, disse o senador. Para Juc\u00e1, \u00e9 poss\u00edvel aprovar o projeto ainda neste ano.<\/p>\n<h4>Reservas internacionais<\/h4>\n<p>Na audi\u00eancia, Goldfajn foi questionado por senadores sobre o volume das reservas internacionais, atualmente em mais de US$383 bilh\u00f5es. Ele avaliou que as reservas funcionam atualmente como \u201cseguro\u201d para momentos de crise externas e mudan\u00e7as s\u00f3 ser\u00e3o poss\u00edveis no futuro, depois de reformas estruturais na economia brasileira.<\/p>\n<p>\u201cO momento agora \u00e9 de sermos cautelosos. Se houver condi\u00e7\u00f5es de n\u00e3o precisarmos desse seguro, as reservas devem ser usadas para abater d\u00edvida\u201d, disse Goldfajn, acrescentando que, no futuro, \u00e9 importante que as reservas n\u00e3o sejam usadas para gastos e sim para reduzir o tamanho da d\u00edvida p\u00fablica.<\/p>\n<hr \/>\n<p>&nbsp;Fonte: Ag\u00eancia Brasil<\/p>\n","protected":false},"excerpt":{"rendered":"<p>As compras parceladas sem juros no cart\u00e3o de cr\u00e9dito n\u00e3o v\u00e3o acabar. A ideia \u00e9 ter no mercado alternativas a esse tipo de compra, segundo afirmou o presidente do Banco Central (BC), Ilan Goldfajn, em audi\u00eancia na Comiss\u00e3o de Assuntos Econ\u00f4micos, no Senado. \u201cO parcelado sem juros n\u00e3o vai acabar. O que n\u00f3s gostar\u00edamos \u00e9 [&hellip;]<\/p>\n","protected":false},"author":96,"featured_media":96043,"comment_status":"closed","ping_status":"closed","sticky":false,"template":"","format":"standard","meta":{"footnotes":""},"categories":[261],"tags":[],"class_list":["post-96072","post","type-post","status-publish","format-standard","has-post-thumbnail","hentry","category-economia"],"_links":{"self":[{"href":"https:\/\/diarioregionaldigital.com.br\/index.php?rest_route=\/wp\/v2\/posts\/96072","targetHints":{"allow":["GET"]}}],"collection":[{"href":"https:\/\/diarioregionaldigital.com.br\/index.php?rest_route=\/wp\/v2\/posts"}],"about":[{"href":"https:\/\/diarioregionaldigital.com.br\/index.php?rest_route=\/wp\/v2\/types\/post"}],"author":[{"embeddable":true,"href":"https:\/\/diarioregionaldigital.com.br\/index.php?rest_route=\/wp\/v2\/users\/96"}],"replies":[{"embeddable":true,"href":"https:\/\/diarioregionaldigital.com.br\/index.php?rest_route=%2Fwp%2Fv2%2Fcomments&post=96072"}],"version-history":[{"count":0,"href":"https:\/\/diarioregionaldigital.com.br\/index.php?rest_route=\/wp\/v2\/posts\/96072\/revisions"}],"wp:featuredmedia":[{"embeddable":true,"href":"https:\/\/diarioregionaldigital.com.br\/index.php?rest_route=\/wp\/v2\/media\/96043"}],"wp:attachment":[{"href":"https:\/\/diarioregionaldigital.com.br\/index.php?rest_route=%2Fwp%2Fv2%2Fmedia&parent=96072"}],"wp:term":[{"taxonomy":"category","embeddable":true,"href":"https:\/\/diarioregionaldigital.com.br\/index.php?rest_route=%2Fwp%2Fv2%2Fcategories&post=96072"},{"taxonomy":"post_tag","embeddable":true,"href":"https:\/\/diarioregionaldigital.com.br\/index.php?rest_route=%2Fwp%2Fv2%2Ftags&post=96072"}],"curies":[{"name":"wp","href":"https:\/\/api.w.org\/{rel}","templated":true}]}}