{"id":96069,"date":"2018-04-10T23:32:43","date_gmt":"2018-04-11T02:32:43","guid":{"rendered":"http:\/\/diarioregionaljf.com.br\/2018\/04\/10\/pc-apresenta-suspeito-de-homicidio-no-sagrado-coracao-de-jesus-2\/"},"modified":"2018-04-10T23:32:43","modified_gmt":"2018-04-11T02:32:43","slug":"pc-apresenta-suspeito-de-homicidio-no-sagrado-coracao-de-jesus-2","status":"publish","type":"post","link":"https:\/\/diarioregionaldigital.com.br\/?p=96069","title":{"rendered":"PC apresenta suspeito de homic\u00eddio no Sagrado Cora\u00e7\u00e3o de Jesus"},"content":{"rendered":"<p>A Pol\u00edcia Civil (PC), por meio da Delegacia Especializada de Homic\u00eddios (DEH), apresentou, na tarde dessa ter\u00e7a-feira, 10, um jovem de 18 anos, <a href=\"policial\/24606-jovem-e-morto-com-quatro-tiros-no-sagrado-coracao-de-jesus\">suspeito de ter executado um rapaz de 21 anos, em 27 de fevereiro deste ano, no bairro Sagrado Cora\u00e7\u00e3o de Jesus, zona Sul<\/a>. Ele havia sido preso na sexta-feira, 6, ap\u00f3s mandado de pris\u00e3o tempor\u00e1ria ser expedido pelo judici\u00e1rio. De acordo com o titular da DEH, delegado Armando Av\u00f3lio Neto, o crime pode estar relacionado a uma d\u00edvida por tr\u00e1fico de drogas. \u201cO crime aconteceu no condom\u00ednio Jardim das Arauc\u00e1rias, no bairro. Na ocasi\u00e3o, a v\u00edtima foi alvejada com cinco disparos no rosto\u201d, explicou.<\/p>\n<p>Durante as investiga\u00e7\u00f5es, a pol\u00edcia descobriu que um grupo especializado em tr\u00e1fico de drogas, roubos, porte ilegal de armas e homic\u00eddios, estava agindo no residencial e em outros pontos da cidade. Segundo o delegado, esses indiv\u00edduos podem ter alguma liga\u00e7\u00e3o com o crime, o que motivou a PC, na manh\u00e3 dessa ter\u00e7a-feira, a cumprir tr\u00eas mandados de busca e apreens\u00e3o no local, para encontrar algum objeto que pudesse ter liga\u00e7\u00e3o ao assassinato. A a\u00e7\u00e3o contou com a participa\u00e7\u00e3o de 20 policiais. \u201cFizemos v\u00e1rios levantamentos no local. A popula\u00e7\u00e3o estava clamando por isso. Os moradores estavam cansados de serem importunados por esses indiv\u00edduos. Eles expulsavam os residentes dos apartamentos e utilizavam o espa\u00e7o para esconder drogas, objetos de crime e foragidos da Justi\u00e7a. Durante a opera\u00e7\u00e3o, encontramos tr\u00eas im\u00f3veis vazios, destinados para essas finalidades. N\u00e3o achamos nenhum objeto ou suspeitos, mas as investiga\u00e7\u00f5es continuam. Ainda assim, n\u00e3o descarto a possibilidade de outras pessoas estarem envolvidas no homic\u00eddio\u201d, refor\u00e7ou Neto, acrescentando que o inqu\u00e9rito deve ser conclu\u00eddo em duas semanas.<\/p>\n<p>O policial tamb\u00e9m refor\u00e7ou que a ajuda da popula\u00e7\u00e3o \u00e9 fundamental. \u201cA popula\u00e7\u00e3o \u00e9 de grande import\u00e2ncia para as investiga\u00e7\u00f5es. O homic\u00eddio foi no meio do condom\u00ednio e tivemos dificuldades em achar testemunhas que colaborassem. As pessoas podem procurar a pol\u00edcia, seja por telefone ou pessoalmente, que o anonimato \u00e9 garantido\u201d, afirmou.<\/p>\n","protected":false},"excerpt":{"rendered":"<p>A Pol\u00edcia Civil (PC), por meio da Delegacia Especializada de Homic\u00eddios (DEH), apresentou, na tarde dessa ter\u00e7a-feira, 10, um jovem de 18 anos, suspeito de ter executado um rapaz de 21 anos, em 27 de fevereiro deste ano, no bairro Sagrado Cora\u00e7\u00e3o de Jesus, zona Sul. Ele havia sido preso na sexta-feira, 6, ap\u00f3s mandado [&hellip;]<\/p>\n","protected":false},"author":96,"featured_media":0,"comment_status":"closed","ping_status":"closed","sticky":false,"template":"","format":"standard","meta":{"footnotes":""},"categories":[253],"tags":[],"class_list":["post-96069","post","type-post","status-publish","format-standard","hentry","category-cidade"],"_links":{"self":[{"href":"https:\/\/diarioregionaldigital.com.br\/index.php?rest_route=\/wp\/v2\/posts\/96069","targetHints":{"allow":["GET"]}}],"collection":[{"href":"https:\/\/diarioregionaldigital.com.br\/index.php?rest_route=\/wp\/v2\/posts"}],"about":[{"href":"https:\/\/diarioregionaldigital.com.br\/index.php?rest_route=\/wp\/v2\/types\/post"}],"author":[{"embeddable":true,"href":"https:\/\/diarioregionaldigital.com.br\/index.php?rest_route=\/wp\/v2\/users\/96"}],"replies":[{"embeddable":true,"href":"https:\/\/diarioregionaldigital.com.br\/index.php?rest_route=%2Fwp%2Fv2%2Fcomments&post=96069"}],"version-history":[{"count":0,"href":"https:\/\/diarioregionaldigital.com.br\/index.php?rest_route=\/wp\/v2\/posts\/96069\/revisions"}],"wp:attachment":[{"href":"https:\/\/diarioregionaldigital.com.br\/index.php?rest_route=%2Fwp%2Fv2%2Fmedia&parent=96069"}],"wp:term":[{"taxonomy":"category","embeddable":true,"href":"https:\/\/diarioregionaldigital.com.br\/index.php?rest_route=%2Fwp%2Fv2%2Fcategories&post=96069"},{"taxonomy":"post_tag","embeddable":true,"href":"https:\/\/diarioregionaldigital.com.br\/index.php?rest_route=%2Fwp%2Fv2%2Ftags&post=96069"}],"curies":[{"name":"wp","href":"https:\/\/api.w.org\/{rel}","templated":true}]}}