{"id":96068,"date":"2018-04-10T23:10:38","date_gmt":"2018-04-11T02:10:38","guid":{"rendered":"http:\/\/diarioregionaljf.com.br\/2018\/04\/10\/homem-e-morto-a-tiros-dentro-de-casa-enquanto-dormia-2\/"},"modified":"2018-04-10T23:10:38","modified_gmt":"2018-04-11T02:10:38","slug":"homem-e-morto-a-tiros-dentro-de-casa-enquanto-dormia-2","status":"publish","type":"post","link":"https:\/\/diarioregionaldigital.com.br\/?p=96068","title":{"rendered":"Homem \u00e9 morto a tiros dentro de casa enquanto dormia"},"content":{"rendered":"<p>Um homem de 50 anos foi morto a tiros na madrugada dessa ter\u00e7a-feira, 10, na Rua Raimundo Vieira de Queiroz, no bairro Primavera, em Cataguases.<\/p>\n<p>Por volta das 2h30, a v\u00edtima dormia em sua resid\u00eancia quando um indiv\u00edduo ainda n\u00e3o identificado invadiu o im\u00f3vel e efetuou v\u00e1rios disparos em sua dire\u00e7\u00e3o.<\/p>\n<p>Uma equipe do SAMU chegou at\u00e9 o local, mas ele foi encontrado sem vida. A Pol\u00edcia encontrou tr\u00eas proj\u00e9teis no im\u00f3vel.<\/p>\n<p>Segundo testemunhas, um cidad\u00e3o foi visto na rua em situa\u00e7\u00e3o suspeita. Ap\u00f3s o crime, o autor fugiu sentido ao bairro Dico Leite. Ainda de acordo com as testemunhas, a v\u00edtima n\u00e3o teria desaven\u00e7a com ningu\u00e9m.<\/p>\n<p>Fonte: Site do Marcelo Lopes<\/p>\n","protected":false},"excerpt":{"rendered":"<p>Um homem de 50 anos foi morto a tiros na madrugada dessa ter\u00e7a-feira, 10, na Rua Raimundo Vieira de Queiroz, no bairro Primavera, em Cataguases. Por volta das 2h30, a v\u00edtima dormia em sua resid\u00eancia quando um indiv\u00edduo ainda n\u00e3o identificado invadiu o im\u00f3vel e efetuou v\u00e1rios disparos em sua dire\u00e7\u00e3o. Uma equipe do SAMU [&hellip;]<\/p>\n","protected":false},"author":96,"featured_media":95972,"comment_status":"closed","ping_status":"closed","sticky":false,"template":"","format":"standard","meta":{"footnotes":""},"categories":[252],"tags":[],"class_list":["post-96068","post","type-post","status-publish","format-standard","has-post-thumbnail","hentry","category-regiao"],"_links":{"self":[{"href":"https:\/\/diarioregionaldigital.com.br\/index.php?rest_route=\/wp\/v2\/posts\/96068","targetHints":{"allow":["GET"]}}],"collection":[{"href":"https:\/\/diarioregionaldigital.com.br\/index.php?rest_route=\/wp\/v2\/posts"}],"about":[{"href":"https:\/\/diarioregionaldigital.com.br\/index.php?rest_route=\/wp\/v2\/types\/post"}],"author":[{"embeddable":true,"href":"https:\/\/diarioregionaldigital.com.br\/index.php?rest_route=\/wp\/v2\/users\/96"}],"replies":[{"embeddable":true,"href":"https:\/\/diarioregionaldigital.com.br\/index.php?rest_route=%2Fwp%2Fv2%2Fcomments&post=96068"}],"version-history":[{"count":0,"href":"https:\/\/diarioregionaldigital.com.br\/index.php?rest_route=\/wp\/v2\/posts\/96068\/revisions"}],"wp:featuredmedia":[{"embeddable":true,"href":"https:\/\/diarioregionaldigital.com.br\/index.php?rest_route=\/wp\/v2\/media\/95972"}],"wp:attachment":[{"href":"https:\/\/diarioregionaldigital.com.br\/index.php?rest_route=%2Fwp%2Fv2%2Fmedia&parent=96068"}],"wp:term":[{"taxonomy":"category","embeddable":true,"href":"https:\/\/diarioregionaldigital.com.br\/index.php?rest_route=%2Fwp%2Fv2%2Fcategories&post=96068"},{"taxonomy":"post_tag","embeddable":true,"href":"https:\/\/diarioregionaldigital.com.br\/index.php?rest_route=%2Fwp%2Fv2%2Ftags&post=96068"}],"curies":[{"name":"wp","href":"https:\/\/api.w.org\/{rel}","templated":true}]}}