{"id":96066,"date":"2018-04-11T03:47:53","date_gmt":"2018-04-11T06:47:53","guid":{"rendered":"http:\/\/diarioregionaljf.com.br\/2018\/04\/11\/sel-realiza-capacitacao-do-programa-esporte-e-lazer-de-jf-a-partir-desta-quinta-feira\/"},"modified":"2018-04-11T03:47:53","modified_gmt":"2018-04-11T06:47:53","slug":"sel-realiza-capacitacao-do-programa-esporte-e-lazer-de-jf-a-partir-desta-quinta-feira","status":"publish","type":"post","link":"https:\/\/diarioregionaldigital.com.br\/?p=96066","title":{"rendered":"SEL realiza capacita\u00e7\u00e3o do \u201cPrograma Esporte e Lazer\u201d de JF a partir desta quinta-feira"},"content":{"rendered":"<p>A Secretaria de Esporte e Lazer (SEL) da Prefeitura de Juiz de Fora (PJF) realizar\u00e1 a partir de quinta-feira, 12, \u00e0s 8 horas, em seu audit\u00f3rio, o processo de capacita\u00e7\u00e3o dos profissionais que atuar\u00e3o no \u201cPrograma Esporte e Lazer da Cidade\u201d (Pelc). O evento ter\u00e1 presen\u00e7a de gestores e representantes da entidade de controle social (Conselho Municipal) e do Conselho Gestor (formado por entidades parceiras do programa).<\/p>\n<p> O modelo aplicado em Juiz de Fora \u00e9 o \u201cPelc Urbano\u201d. A capacita\u00e7\u00e3o ser\u00e1 dividida em quatro m\u00f3dulos: \u201cIntrodut\u00f3rio 1 e 2\u201d e \u201cAvalia\u00e7\u00e3o 1 e 2\u201d. Nesta semana, os colaboradores participar\u00e3o do segundo m\u00f3dulo. O curso tem como objetivo aprofundar conceitos, diretrizes e princ\u00edpios desenvolvidos no \u201cM\u00f3dulo 1\u201d, al\u00e9m de destacar o papel do agente social como respons\u00e1vel pela inclus\u00e3o e transforma\u00e7\u00e3o; pelo incentivo \u00e0 organiza\u00e7\u00e3o coletiva de eventos de lazer e esporte recreativo, para envolver a popula\u00e7\u00e3o local; e pela an\u00e1lise do desenvolvimento das atividades sistem\u00e1ticas programadas no planejamento pedag\u00f3gico aprovado pelo Minist\u00e9rio do Esporte e sua adequa\u00e7\u00e3o com a proposta pol\u00edtico-pedag\u00f3gica do Pelc.&nbsp;<\/p>\n<p> <strong>Fonte: Assessoria\/SEL<\/strong><\/p>\n","protected":false},"excerpt":{"rendered":"<p>A Secretaria de Esporte e Lazer (SEL) da Prefeitura de Juiz de Fora (PJF) realizar\u00e1 a partir de quinta-feira, 12, \u00e0s 8 horas, em seu audit\u00f3rio, o processo de capacita\u00e7\u00e3o dos profissionais que atuar\u00e3o no \u201cPrograma Esporte e Lazer da Cidade\u201d (Pelc). O evento ter\u00e1 presen\u00e7a de gestores e representantes da entidade de controle social [&hellip;]<\/p>\n","protected":false},"author":96,"featured_media":96064,"comment_status":"closed","ping_status":"closed","sticky":false,"template":"","format":"standard","meta":{"footnotes":""},"categories":[257],"tags":[],"class_list":["post-96066","post","type-post","status-publish","format-standard","has-post-thumbnail","hentry","category-esporte"],"_links":{"self":[{"href":"https:\/\/diarioregionaldigital.com.br\/index.php?rest_route=\/wp\/v2\/posts\/96066","targetHints":{"allow":["GET"]}}],"collection":[{"href":"https:\/\/diarioregionaldigital.com.br\/index.php?rest_route=\/wp\/v2\/posts"}],"about":[{"href":"https:\/\/diarioregionaldigital.com.br\/index.php?rest_route=\/wp\/v2\/types\/post"}],"author":[{"embeddable":true,"href":"https:\/\/diarioregionaldigital.com.br\/index.php?rest_route=\/wp\/v2\/users\/96"}],"replies":[{"embeddable":true,"href":"https:\/\/diarioregionaldigital.com.br\/index.php?rest_route=%2Fwp%2Fv2%2Fcomments&post=96066"}],"version-history":[{"count":0,"href":"https:\/\/diarioregionaldigital.com.br\/index.php?rest_route=\/wp\/v2\/posts\/96066\/revisions"}],"wp:featuredmedia":[{"embeddable":true,"href":"https:\/\/diarioregionaldigital.com.br\/index.php?rest_route=\/wp\/v2\/media\/96064"}],"wp:attachment":[{"href":"https:\/\/diarioregionaldigital.com.br\/index.php?rest_route=%2Fwp%2Fv2%2Fmedia&parent=96066"}],"wp:term":[{"taxonomy":"category","embeddable":true,"href":"https:\/\/diarioregionaldigital.com.br\/index.php?rest_route=%2Fwp%2Fv2%2Fcategories&post=96066"},{"taxonomy":"post_tag","embeddable":true,"href":"https:\/\/diarioregionaldigital.com.br\/index.php?rest_route=%2Fwp%2Fv2%2Ftags&post=96066"}],"curies":[{"name":"wp","href":"https:\/\/api.w.org\/{rel}","templated":true}]}}