{"id":96062,"date":"2018-04-10T22:31:55","date_gmt":"2018-04-11T01:31:55","guid":{"rendered":"http:\/\/diarioregionaljf.com.br\/2018\/04\/10\/reajuste-do-bolsa-familia-pode-ser-anunciado-em-abril-ou-maio-diz-novo-ministro-2\/"},"modified":"2018-04-10T22:31:55","modified_gmt":"2018-04-11T01:31:55","slug":"reajuste-do-bolsa-familia-pode-ser-anunciado-em-abril-ou-maio-diz-novo-ministro-2","status":"publish","type":"post","link":"https:\/\/diarioregionaldigital.com.br\/?p=96062","title":{"rendered":"Reajuste do Bolsa Fam\u00edlia pode ser anunciado em abril ou maio, diz novo ministro"},"content":{"rendered":"<p>O novo ministro do Desenvolvimento Social, Alberto Beltrame, disse que o reajuste do programa Bolsa Fam\u00edlia ainda n\u00e3o foi definido, mas que pode ser anunciado em maio ou ainda este m\u00eas. \u201cAs propostas est\u00e3o colocadas, h\u00e1 uma discuss\u00e3o ainda dentro do governo para defini\u00e7\u00e3o dos percentuais, da forma de fazer esse reajuste e acredito que ainda em abril ou maio teremos essa defini\u00e7\u00e3o e o an\u00fancio do reajuste do Bolsa\u201d, afirmou.&nbsp;<\/p>\n<p>Beltrame tomou posse nessa ter\u00e7a-feira, 10, como chefe da pasta, no lugar de Osmar Terra. O antigo ministro chegou a dizer que o reajuste seria anunciado em mar\u00e7o, o que acabou n\u00e3o ocorrendo. Beltrame acrescentou que o governo pensa em um reajuste maior que o \u00cdndice de Pre\u00e7os ao Consumidor Amplo (IPCA).<\/p>\n<p>\u201cEstamos trabalhando com percentuais acima do IPCA, que \u00e9 2,95%, n\u00e3o temos ainda uma defini\u00e7\u00e3o. Constru\u00edmos v\u00e1rios cen\u00e1rios para apresentar ao presidente Temer e \u00e0 equipe econ\u00f4mica e em breve acredito que tenhamos uma defini\u00e7\u00e3o\u201d. Em junho de 2016, o governo \u2013 com Temer ainda como interino na presid\u00eancia \u2013 reajustou o programa em 12,5%.<\/p>\n<h4>&nbsp;<\/h4>\n<h4>PERFIL<\/h4>\n<p>O ministro do Desenvolvimento Social \u00e9 Alberto Beltrame, que ocupava o cargo de secret\u00e1rio-executivo da pasta desde maio de 2016. Ele \u00e9 m\u00e9dico pediatra, especialista em administra\u00e7\u00e3o hospitalar e mestre em gest\u00e3o de sistemas de sa\u00fade.<\/p>\n<p>Na \u00e1rea de assist\u00eancia social, foi presidente da Funda\u00e7\u00e3o Ga\u00facha do Trabalho e A\u00e7\u00e3o Social e diretor do Trabalho na Secretaria Estadual do Trabalho, Cidadania e Assist\u00eancia Social do Rio Grande do Sul. Ele assume no lugar de Osmar Terra.<\/p>\n<p>Fonte: Ag\u00eancia Brasil<\/p>\n","protected":false},"excerpt":{"rendered":"<p>O novo ministro do Desenvolvimento Social, Alberto Beltrame, disse que o reajuste do programa Bolsa Fam\u00edlia ainda n\u00e3o foi definido, mas que pode ser anunciado em maio ou ainda este m\u00eas. \u201cAs propostas est\u00e3o colocadas, h\u00e1 uma discuss\u00e3o ainda dentro do governo para defini\u00e7\u00e3o dos percentuais, da forma de fazer esse reajuste e acredito que [&hellip;]<\/p>\n","protected":false},"author":96,"featured_media":96034,"comment_status":"closed","ping_status":"closed","sticky":false,"template":"","format":"standard","meta":{"footnotes":""},"categories":[254],"tags":[],"class_list":["post-96062","post","type-post","status-publish","format-standard","has-post-thumbnail","hentry","category-politica"],"_links":{"self":[{"href":"https:\/\/diarioregionaldigital.com.br\/index.php?rest_route=\/wp\/v2\/posts\/96062","targetHints":{"allow":["GET"]}}],"collection":[{"href":"https:\/\/diarioregionaldigital.com.br\/index.php?rest_route=\/wp\/v2\/posts"}],"about":[{"href":"https:\/\/diarioregionaldigital.com.br\/index.php?rest_route=\/wp\/v2\/types\/post"}],"author":[{"embeddable":true,"href":"https:\/\/diarioregionaldigital.com.br\/index.php?rest_route=\/wp\/v2\/users\/96"}],"replies":[{"embeddable":true,"href":"https:\/\/diarioregionaldigital.com.br\/index.php?rest_route=%2Fwp%2Fv2%2Fcomments&post=96062"}],"version-history":[{"count":0,"href":"https:\/\/diarioregionaldigital.com.br\/index.php?rest_route=\/wp\/v2\/posts\/96062\/revisions"}],"wp:featuredmedia":[{"embeddable":true,"href":"https:\/\/diarioregionaldigital.com.br\/index.php?rest_route=\/wp\/v2\/media\/96034"}],"wp:attachment":[{"href":"https:\/\/diarioregionaldigital.com.br\/index.php?rest_route=%2Fwp%2Fv2%2Fmedia&parent=96062"}],"wp:term":[{"taxonomy":"category","embeddable":true,"href":"https:\/\/diarioregionaldigital.com.br\/index.php?rest_route=%2Fwp%2Fv2%2Fcategories&post=96062"},{"taxonomy":"post_tag","embeddable":true,"href":"https:\/\/diarioregionaldigital.com.br\/index.php?rest_route=%2Fwp%2Fv2%2Ftags&post=96062"}],"curies":[{"name":"wp","href":"https:\/\/api.w.org\/{rel}","templated":true}]}}