{"id":96059,"date":"2018-04-10T23:50:05","date_gmt":"2018-04-11T02:50:05","guid":{"rendered":"http:\/\/diarioregionaljf.com.br\/2018\/04\/10\/medo-do-desemprego-diminui-e-brasileiros-estao-mais-satisfeitos-com-a-vida\/"},"modified":"2018-04-10T23:50:05","modified_gmt":"2018-04-11T02:50:05","slug":"medo-do-desemprego-diminui-e-brasileiros-estao-mais-satisfeitos-com-a-vida","status":"publish","type":"post","link":"https:\/\/diarioregionaldigital.com.br\/?p=96059","title":{"rendered":"Medo do desemprego diminui e brasileiros est\u00e3o mais satisfeitos com a vida"},"content":{"rendered":"<p>O \u00ccndice do Medo do Desemprego caiu para 63,8 pontos em mar\u00e7o. O indicador est\u00e1 2 pontos abaixo do registrado em dezembro de 2017, informa a pesquisa divulgada pela Confedera\u00e7\u00e3o Nacional da Ind\u00fastria (CNI). &#8220;O \u00edndice ainda se encontra em patamar elevado, muito acima da m\u00e9dia hist\u00f3rica de 49,2 pontos&#8221;, diz a pesquisa.<\/p>\n<p>O gerente-executivo de Pesquisa e Competitividade da CNI, Renato da Fonseca, afirma que a preocupa\u00e7\u00e3o dos brasileiros ainda n\u00e3o reflete a recupera\u00e7\u00e3o da economia, porque o emprego \u00e9 o \u00faltimo indicador a melhorar nos processos de sa\u00edda da crise. De acordo com a pesquisa, os moradores do Nordeste t\u00eam mais medo do desemprego do que os demais brasileiros. Naquela regi\u00e3o, mesmo com a queda de 4,3 pontos registrada em mar\u00e7o frente a dezembro, o \u00edndice do medo do desemprego alcan\u00e7ou 69,3 pontos. A apreens\u00e3o \u00e9 menor da regi\u00e3o Sul, onde o indicador est\u00e1 em 53,4 pontos.<\/p>\n<p>Mesmo assim, os brasileiros est\u00e3o mais satisfeitos com a vida. O \u00cdndice de Satisfa\u00e7\u00e3o com a Vida alcan\u00e7ou 67,5 pontos em mar\u00e7o, valor 1,9 pontos superior ao de dezembro de 2017. O indicador de mar\u00e7o \u00e9 o maior desde o primeiro trimestre de 2015, mas continua abaixo da m\u00e9dia hist\u00f3rica, que \u00e9 de 67,5 pontos. A satisfa\u00e7\u00e3o com a vida \u00e9 maior no Sul, em o indicador alcan\u00e7ou 69 pontos em mar\u00e7o, e menor no Norte\/Centro Oeste, onde o \u00edndice foi de 66,7 em mar\u00e7o. &#8220;Isso significa que as pessoas come\u00e7am a perceber a melhora da economia e a queda da infla\u00e7\u00e3o&#8221;, afirma Renato da Fonseca.<\/p>\n<p>O acompanhamento dos \u00edndices de satisfa\u00e7\u00e3o com a vida e de medo do desemprego antecipa o que vai ocorrer com o consumo das fam\u00edlias. Pessoas mais satisfeitas com a vida e sem medo de perder o emprego consomem mais, o que alimenta o processo de recupera\u00e7\u00e3o da economia.<\/p>\n<p>A pesquisa ouviu 2 mil pessoas em 126 munic\u00edpios entre os dias 22 e 25 de mar\u00e7o.<\/p>\n<hr \/>\n<p>&nbsp;Fonte: Assessoria<\/p>\n","protected":false},"excerpt":{"rendered":"<p>O \u00ccndice do Medo do Desemprego caiu para 63,8 pontos em mar\u00e7o. O indicador est\u00e1 2 pontos abaixo do registrado em dezembro de 2017, informa a pesquisa divulgada pela Confedera\u00e7\u00e3o Nacional da Ind\u00fastria (CNI). &#8220;O \u00edndice ainda se encontra em patamar elevado, muito acima da m\u00e9dia hist\u00f3rica de 49,2 pontos&#8221;, diz a pesquisa. O gerente-executivo [&hellip;]<\/p>\n","protected":false},"author":96,"featured_media":96058,"comment_status":"closed","ping_status":"closed","sticky":false,"template":"","format":"standard","meta":{"footnotes":""},"categories":[261],"tags":[],"class_list":["post-96059","post","type-post","status-publish","format-standard","has-post-thumbnail","hentry","category-economia"],"_links":{"self":[{"href":"https:\/\/diarioregionaldigital.com.br\/index.php?rest_route=\/wp\/v2\/posts\/96059","targetHints":{"allow":["GET"]}}],"collection":[{"href":"https:\/\/diarioregionaldigital.com.br\/index.php?rest_route=\/wp\/v2\/posts"}],"about":[{"href":"https:\/\/diarioregionaldigital.com.br\/index.php?rest_route=\/wp\/v2\/types\/post"}],"author":[{"embeddable":true,"href":"https:\/\/diarioregionaldigital.com.br\/index.php?rest_route=\/wp\/v2\/users\/96"}],"replies":[{"embeddable":true,"href":"https:\/\/diarioregionaldigital.com.br\/index.php?rest_route=%2Fwp%2Fv2%2Fcomments&post=96059"}],"version-history":[{"count":0,"href":"https:\/\/diarioregionaldigital.com.br\/index.php?rest_route=\/wp\/v2\/posts\/96059\/revisions"}],"wp:featuredmedia":[{"embeddable":true,"href":"https:\/\/diarioregionaldigital.com.br\/index.php?rest_route=\/wp\/v2\/media\/96058"}],"wp:attachment":[{"href":"https:\/\/diarioregionaldigital.com.br\/index.php?rest_route=%2Fwp%2Fv2%2Fmedia&parent=96059"}],"wp:term":[{"taxonomy":"category","embeddable":true,"href":"https:\/\/diarioregionaldigital.com.br\/index.php?rest_route=%2Fwp%2Fv2%2Fcategories&post=96059"},{"taxonomy":"post_tag","embeddable":true,"href":"https:\/\/diarioregionaldigital.com.br\/index.php?rest_route=%2Fwp%2Fv2%2Ftags&post=96059"}],"curies":[{"name":"wp","href":"https:\/\/api.w.org\/{rel}","templated":true}]}}