{"id":96046,"date":"2018-04-10T23:46:53","date_gmt":"2018-04-11T02:46:53","guid":{"rendered":"http:\/\/diarioregionaljf.com.br\/2018\/04\/10\/buracos-no-asfalto-e-mato-alto-ainda-incomodam-os-moradores-do-bom-clima-2\/"},"modified":"2018-04-10T23:46:53","modified_gmt":"2018-04-11T02:46:53","slug":"buracos-no-asfalto-e-mato-alto-ainda-incomodam-os-moradores-do-bom-clima-2","status":"publish","type":"post","link":"https:\/\/diarioregionaldigital.com.br\/?p=96046","title":{"rendered":"Buracos no asfalto e mato alto ainda incomodam os moradores do Bom Clima"},"content":{"rendered":"<p>A falta de capina e os buracos no asfalto da Rua Ant\u00f4nio Chimico Corr\u00eaa, localizada no bairro Bom Clima, regi\u00e3o Nordeste da cidade, ainda s\u00e3o motivos de reclama\u00e7\u00e3o das pessoas que residem no local. <a href=\"cidade\/25104-moradores-reclamam-de-mato-e-buracos-no-bairro-bom-clima\">No m\u00eas passado eles j\u00e1 haviam entrado em contato com reportagem do Di\u00e1rio Regional para pleitear solu\u00e7\u00f5es para as m\u00e1s condi\u00e7\u00f5es da via<\/a>. Na \u00e9poca, a Prefeitura afirmou que manuten\u00e7\u00e3o da rua estava na programa\u00e7\u00e3o das secretarias respons\u00e1veis. O problema \u00e9 que quase um m\u00eas depois, nada foi resolvido, o que incomoda a popula\u00e7\u00e3o.<\/p>\n<p>\u201cH\u00e1 muito tempo estamos esperando. J\u00e1 virou um descaso com os moradores do Bom Clima. Inclusive, recebemos um documento da Prefeitura informando que n\u00e3o tem m\u00e3o de obra para realizar os servi\u00e7os. O mato est\u00e1 enorme, j\u00e1 apareceu uma cobra em minha casa e outra no vizinho. \u00c9 perigoso at\u00e9 para chegar em casa \u00e0 noite, o mato est\u00e1 t\u00e3o alto que algu\u00e9m mal-intencionado pode se esconder e a gente ser surpreendido\u201d, disse uma moradora do bairro, que preferiu n\u00e3o se identificar.<\/p>\n<p>O fato de a rua continuar cheia de buracos tamb\u00e9m foi questionado por ela. \u201cEles n\u00e3o fazem um servi\u00e7o bom aqui, logo a rua volta a ficar cheia de buracos. Eu j\u00e1 n\u00e3o sei quantas vezes reclamei na Prefeitura, estou cansada de ligar e ouvir que v\u00e3o tomar provid\u00eancia\u201d, acrescentou.<\/p>\n<p>PREFEITURA AFIRMA QUE VAI ATENDER AS DEMANDAS<\/p>\n<p>Em nota, a assessoria do Departamento Municipal de Limpeza Urbana (Demlurb) afirmou que devido ao per\u00edodo chuvoso refor\u00e7ou o atendimento em \u00e1reas emergenciais e, tamb\u00e9m, priorizou a limpeza de c\u00f3rregos. Segundo a pasta, \u201ca capina da Rua Ant\u00f4nio Chimico Correia ser\u00e1 realizada de acordo com a programa\u00e7\u00e3o de servi\u00e7os e dentro do prazo de 15 dias\u201d.<\/p>\n<p>J\u00e1 a Empresa Municipal de Pavimenta\u00e7\u00e3o e Urbaniza\u00e7\u00e3o (Empav), tamb\u00e9m por meio de nota, informou que est\u00e1 atuando de forma intensificada na opera\u00e7\u00e3o tapa buracos desde o final de mar\u00e7o, inclusive trabalhando no feriado da Semana Santa. O \u00f3rg\u00e3o tamb\u00e9m refor\u00e7a que, com o in\u00edcio do per\u00edodo de estiagem as equipes poder\u00e3o atuar de forma mais r\u00e1pida, uma vez que n\u00e3o \u201c\u00e9 poss\u00edvel trabalhar nos dias de chuva, j\u00e1 que o asfalto n\u00e3o fixa na \u00e1gua. E \u00e9 justamente nesse per\u00edodo em que aparecem mais buracos\u201d.<\/p>\n<p>Ainda, segundo a pasta, nos \u00faltimos 15 dias, foi realizada opera\u00e7\u00e3o tapa buraco em todas as regi\u00f5es da cidade, priorizando os corredores de tr\u00e1fego, que s\u00e3o os de maior movimento e, consequentemente, com mais buracos. \u201cNa regi\u00e3o Nordeste, ruas do Parque Independ\u00eancia, Parque Guarani e Bandeirantes receberam o servi\u00e7o. O Bom Clima est\u00e1 na rota para ser atendido. Pedimos a compreens\u00e3o da popula\u00e7\u00e3o, pois a demanda est\u00e1 muito alta pelo fato acima relatado, mas estamos empenhados em corrigir os buracos da cidade o mais r\u00e1pido poss\u00edvel\u201d, diz a nota.<\/p>\n","protected":false},"excerpt":{"rendered":"<p>A falta de capina e os buracos no asfalto da Rua Ant\u00f4nio Chimico Corr\u00eaa, localizada no bairro Bom Clima, regi\u00e3o Nordeste da cidade, ainda s\u00e3o motivos de reclama\u00e7\u00e3o das pessoas que residem no local. No m\u00eas passado eles j\u00e1 haviam entrado em contato com reportagem do Di\u00e1rio Regional para pleitear solu\u00e7\u00f5es para as m\u00e1s condi\u00e7\u00f5es [&hellip;]<\/p>\n","protected":false},"author":96,"featured_media":0,"comment_status":"closed","ping_status":"closed","sticky":false,"template":"","format":"standard","meta":{"footnotes":""},"categories":[253],"tags":[],"class_list":["post-96046","post","type-post","status-publish","format-standard","hentry","category-cidade"],"_links":{"self":[{"href":"https:\/\/diarioregionaldigital.com.br\/index.php?rest_route=\/wp\/v2\/posts\/96046","targetHints":{"allow":["GET"]}}],"collection":[{"href":"https:\/\/diarioregionaldigital.com.br\/index.php?rest_route=\/wp\/v2\/posts"}],"about":[{"href":"https:\/\/diarioregionaldigital.com.br\/index.php?rest_route=\/wp\/v2\/types\/post"}],"author":[{"embeddable":true,"href":"https:\/\/diarioregionaldigital.com.br\/index.php?rest_route=\/wp\/v2\/users\/96"}],"replies":[{"embeddable":true,"href":"https:\/\/diarioregionaldigital.com.br\/index.php?rest_route=%2Fwp%2Fv2%2Fcomments&post=96046"}],"version-history":[{"count":0,"href":"https:\/\/diarioregionaldigital.com.br\/index.php?rest_route=\/wp\/v2\/posts\/96046\/revisions"}],"wp:attachment":[{"href":"https:\/\/diarioregionaldigital.com.br\/index.php?rest_route=%2Fwp%2Fv2%2Fmedia&parent=96046"}],"wp:term":[{"taxonomy":"category","embeddable":true,"href":"https:\/\/diarioregionaldigital.com.br\/index.php?rest_route=%2Fwp%2Fv2%2Fcategories&post=96046"},{"taxonomy":"post_tag","embeddable":true,"href":"https:\/\/diarioregionaldigital.com.br\/index.php?rest_route=%2Fwp%2Fv2%2Ftags&post=96046"}],"curies":[{"name":"wp","href":"https:\/\/api.w.org\/{rel}","templated":true}]}}