{"id":96039,"date":"2018-04-10T23:07:25","date_gmt":"2018-04-11T02:07:25","guid":{"rendered":"http:\/\/diarioregionaljf.com.br\/2018\/04\/10\/barbacena-permanece-em-estado-de-alerta-conforme-resultado-do-segundo-liraa-de-2018\/"},"modified":"2018-04-10T23:07:25","modified_gmt":"2018-04-11T02:07:25","slug":"barbacena-permanece-em-estado-de-alerta-conforme-resultado-do-segundo-liraa-de-2018","status":"publish","type":"post","link":"https:\/\/diarioregionaldigital.com.br\/?p=96039","title":{"rendered":"Barbacena permanece em estado de alerta conforme resultado do segundo LIRAa de 2018"},"content":{"rendered":"<p style=\"text-align: justify;\">A Prefeitura de Barbacena divulgou nessa segunda-feira, 9, o segundo Levantamento de \u00cdndice R\u00e1pido do Aedes aegypti (LIRAa) realizado em 2018. Os agentes de endemias verificaram um \u00edndice de infesta\u00e7\u00e3o de 2,5%. O n\u00famero est\u00e1 acima do indicado pelo Minist\u00e9rio da Sa\u00fade, que \u00e9 1%, e mant\u00e9m a cidade em estado de alerta, mesmo com a diminui\u00e7\u00e3o constatada em rela\u00e7\u00e3o ao primeiro levantamento realizado em janeiro, quando foi verificado indicador de 3,3%. Foram visitados 42 bairros entre os dias 2 e 6 de abril. Os que apresentaram maior incid\u00eancia de infesta\u00e7\u00e3o foram o Funcion\u00e1rios, Grogot\u00f3, Jo\u00e3o Paulo II, Santa Luzia e Santa Maria, que ter\u00e3o o trabalho contra o mosquito Aedes aegypti intensificado. Os focos foram encontrados principalmente em caixas d&#8217;\u00e1gua, pratos para vasos de plantas e pneus.<\/p>\n<p style=\"text-align: justify;\">De janeiro a mar\u00e7o deste ano, a Secretaria de Sa\u00fade de Barbacena teve 21 casos suspeitos de dengue, sendo 13 positivos. Nesse per\u00edodo n\u00e3o foram registrados casos de chikungunya e zika v\u00edrus no munic\u00edpio. De acordo com a Prefeitura, o LIRAa \u00e9 um m\u00e9todo simplificado de amostragem proposto com o objetivo de facilitar a obten\u00e7\u00e3o, pelos servi\u00e7os de sa\u00fade, de informa\u00e7\u00f5es que contribuam para avalia\u00e7\u00e3o de programas mediante realiza\u00e7\u00e3o de pesquisas sistem\u00e1ticas e peri\u00f3dicas. Permite ao gestor do programa local de controle da dengue o direcionamento das a\u00e7\u00f5es para as \u00e1reas apontadas como cr\u00edticas, al\u00e9m de instrumentalizar a avalia\u00e7\u00e3o das atividades desenvolvidas, o que possibilita um melhor aproveitamento dos recursos humanos e materiais dispon\u00edveis.<\/p>\n<p>Fonte: Barbacena Mais<\/p>\n","protected":false},"excerpt":{"rendered":"<p>A Prefeitura de Barbacena divulgou nessa segunda-feira, 9, o segundo Levantamento de \u00cdndice R\u00e1pido do Aedes aegypti (LIRAa) realizado em 2018. Os agentes de endemias verificaram um \u00edndice de infesta\u00e7\u00e3o de 2,5%. O n\u00famero est\u00e1 acima do indicado pelo Minist\u00e9rio da Sa\u00fade, que \u00e9 1%, e mant\u00e9m a cidade em estado de alerta, mesmo com [&hellip;]<\/p>\n","protected":false},"author":96,"featured_media":96037,"comment_status":"closed","ping_status":"closed","sticky":false,"template":"","format":"standard","meta":{"footnotes":""},"categories":[252],"tags":[],"class_list":["post-96039","post","type-post","status-publish","format-standard","has-post-thumbnail","hentry","category-regiao"],"_links":{"self":[{"href":"https:\/\/diarioregionaldigital.com.br\/index.php?rest_route=\/wp\/v2\/posts\/96039","targetHints":{"allow":["GET"]}}],"collection":[{"href":"https:\/\/diarioregionaldigital.com.br\/index.php?rest_route=\/wp\/v2\/posts"}],"about":[{"href":"https:\/\/diarioregionaldigital.com.br\/index.php?rest_route=\/wp\/v2\/types\/post"}],"author":[{"embeddable":true,"href":"https:\/\/diarioregionaldigital.com.br\/index.php?rest_route=\/wp\/v2\/users\/96"}],"replies":[{"embeddable":true,"href":"https:\/\/diarioregionaldigital.com.br\/index.php?rest_route=%2Fwp%2Fv2%2Fcomments&post=96039"}],"version-history":[{"count":0,"href":"https:\/\/diarioregionaldigital.com.br\/index.php?rest_route=\/wp\/v2\/posts\/96039\/revisions"}],"wp:featuredmedia":[{"embeddable":true,"href":"https:\/\/diarioregionaldigital.com.br\/index.php?rest_route=\/wp\/v2\/media\/96037"}],"wp:attachment":[{"href":"https:\/\/diarioregionaldigital.com.br\/index.php?rest_route=%2Fwp%2Fv2%2Fmedia&parent=96039"}],"wp:term":[{"taxonomy":"category","embeddable":true,"href":"https:\/\/diarioregionaldigital.com.br\/index.php?rest_route=%2Fwp%2Fv2%2Fcategories&post=96039"},{"taxonomy":"post_tag","embeddable":true,"href":"https:\/\/diarioregionaldigital.com.br\/index.php?rest_route=%2Fwp%2Fv2%2Ftags&post=96039"}],"curies":[{"name":"wp","href":"https:\/\/api.w.org\/{rel}","templated":true}]}}