{"id":96033,"date":"2018-04-10T22:23:18","date_gmt":"2018-04-11T01:23:18","guid":{"rendered":"http:\/\/diarioregionaljf.com.br\/2018\/04\/10\/saa-e-sebrae-desenvolvem-parceria-com-feirantes\/"},"modified":"2018-04-10T22:23:18","modified_gmt":"2018-04-11T01:23:18","slug":"saa-e-sebrae-desenvolvem-parceria-com-feirantes","status":"publish","type":"post","link":"https:\/\/diarioregionaldigital.com.br\/?p=96033","title":{"rendered":"SAA e Sebrae desenvolvem parceria com feirantes"},"content":{"rendered":"<p>A Secretaria de Agropecu\u00e1ria e Abastecimento (SAA) da Prefeitura de Juiz de Fora (PJF), em parceria com o Servi\u00e7o Brasileiro de Apoio \u00e0s Micro e Pequenas Empresas (Sebrae), realizou nessa segunda-feira, 9, encontro com feirantes da cidade. Cerca de 50 pessoas estiveram presentes no evento, que aconteceu no audit\u00f3rio da Escola de Governo. Dentro da programa\u00e7\u00e3o, o analista de marketing do Sebrae, Jos\u00e9 Tarc\u00edsio Fagundes de Paula, ministrou palestra mostrando as possibilidades de desenvolvimento do setor. Ele falou, por quase duas horas, sobre microempreendedorismo. Deu dicas, explicou e tirou algumas d\u00favidas.<\/p>\n<p>A ideia central da reuni\u00e3o foi motivar os comerciantes e produtores a fazerem do neg\u00f3cio que administram algo organizado, com qualidade e, principalmente, dedica\u00e7\u00e3o. Foi exibido v\u00eddeo com exemplo de um vendedor de pipoca que administra seu carrinho com muita qualidade e bons resultados. Segundo Tarc\u00edsio, por mais pequena que seja a \u201cempresa\u201d, \u00e9 importante que os clientes a vejam com credibilidade.<\/p>\n<p>O secret\u00e1rio de Agropecu\u00e1ria e Abastecimento, Bebeto Faria, destacou que a iniciativa visa dar ainda mais qualidade \u00e0s atividades desempenhadas pelos feirantes, garantindo amplia\u00e7\u00e3o da gera\u00e7\u00e3o de emprego e renda. \u201cEssa oportunidade \u00e9 muito \u00fatil para os feirantes. E vamos trabalhar cada vez mais para o crescimento das feiras\u201d, ressaltou.&nbsp;<\/p>\n<p>A feira livre visa fomentar a participa\u00e7\u00e3o dos pequenos produtores de Juiz de Fora e regi\u00e3o no abastecimento e na oferta de produtos de alta qualidade \u00e0 popula\u00e7\u00e3o, funcionando de ter\u00e7a-feira a domingo. Os hor\u00e1rios e locais podem ser conferidos no site da PJF, <a href=\"https:\/\/www.pjf.mg.gov.br\/secretarias\/saa\/feira_livre.php\">na p\u00e1gina da SAA<\/a>.<\/p>\n<p>Fonte: Assessoria<\/p>\n","protected":false},"excerpt":{"rendered":"<p>A Secretaria de Agropecu\u00e1ria e Abastecimento (SAA) da Prefeitura de Juiz de Fora (PJF), em parceria com o Servi\u00e7o Brasileiro de Apoio \u00e0s Micro e Pequenas Empresas (Sebrae), realizou nessa segunda-feira, 9, encontro com feirantes da cidade. Cerca de 50 pessoas estiveram presentes no evento, que aconteceu no audit\u00f3rio da Escola de Governo. Dentro da [&hellip;]<\/p>\n","protected":false},"author":96,"featured_media":96031,"comment_status":"closed","ping_status":"closed","sticky":false,"template":"","format":"standard","meta":{"footnotes":""},"categories":[253],"tags":[],"class_list":["post-96033","post","type-post","status-publish","format-standard","has-post-thumbnail","hentry","category-cidade"],"_links":{"self":[{"href":"https:\/\/diarioregionaldigital.com.br\/index.php?rest_route=\/wp\/v2\/posts\/96033","targetHints":{"allow":["GET"]}}],"collection":[{"href":"https:\/\/diarioregionaldigital.com.br\/index.php?rest_route=\/wp\/v2\/posts"}],"about":[{"href":"https:\/\/diarioregionaldigital.com.br\/index.php?rest_route=\/wp\/v2\/types\/post"}],"author":[{"embeddable":true,"href":"https:\/\/diarioregionaldigital.com.br\/index.php?rest_route=\/wp\/v2\/users\/96"}],"replies":[{"embeddable":true,"href":"https:\/\/diarioregionaldigital.com.br\/index.php?rest_route=%2Fwp%2Fv2%2Fcomments&post=96033"}],"version-history":[{"count":0,"href":"https:\/\/diarioregionaldigital.com.br\/index.php?rest_route=\/wp\/v2\/posts\/96033\/revisions"}],"wp:featuredmedia":[{"embeddable":true,"href":"https:\/\/diarioregionaldigital.com.br\/index.php?rest_route=\/wp\/v2\/media\/96031"}],"wp:attachment":[{"href":"https:\/\/diarioregionaldigital.com.br\/index.php?rest_route=%2Fwp%2Fv2%2Fmedia&parent=96033"}],"wp:term":[{"taxonomy":"category","embeddable":true,"href":"https:\/\/diarioregionaldigital.com.br\/index.php?rest_route=%2Fwp%2Fv2%2Fcategories&post=96033"},{"taxonomy":"post_tag","embeddable":true,"href":"https:\/\/diarioregionaldigital.com.br\/index.php?rest_route=%2Fwp%2Fv2%2Ftags&post=96033"}],"curies":[{"name":"wp","href":"https:\/\/api.w.org\/{rel}","templated":true}]}}