{"id":96025,"date":"2018-04-10T21:45:29","date_gmt":"2018-04-11T00:45:29","guid":{"rendered":"http:\/\/diarioregionaljf.com.br\/2018\/04\/10\/prefeitura-municipal-de-pirauba-11-04-18\/"},"modified":"2018-08-13T20:31:24","modified_gmt":"2018-08-13T23:31:24","slug":"prefeitura-municipal-de-pirauba-11-04-18","status":"publish","type":"post","link":"https:\/\/diarioregionaldigital.com.br\/?p=96025","title":{"rendered":"Prefeitura Municipal de Pira\u00faba 11\/04\/18"},"content":{"rendered":"<p><span class=\"h4\">MUNIC\u00cdPIO DE PIRA\u00daBA \u2013<\/span> Publica\u00e7\u00e3o de Licita\u00e7\u00e3o \u2013 Preg\u00e3o Presencial n.\u00ba 020\/2018 \u2013 Processo: PRC n.\u00ba 038\/2018. Objeto: Contrata\u00e7\u00e3o de Microempresa ME, Empresa de Pequeno Porte EPP ou equiparadas (todos os beneficiados pela LC 123\/06) ou profissional habilitado, para a presta\u00e7\u00e3o de servi\u00e7os de Instrutor regente de banda e Maestro da \u201cCorpora\u00e7\u00e3o Musical Maestro Omar Molina\u201d devendo os servi\u00e7os serem prestados conforme Regimento Interno da Corpora\u00e7\u00e3o,de acordo com as especifica\u00e7\u00f5es constantes no anexo I do edital. Abertura dia 24\/04\/2018 \u00e0s 12:30 h. Local: Rua Opem\u00e1, 610 \u2013 Centro \u2013 Pira\u00faba \u2013 MG. O Edital encontra-se dispon\u00edvel nesta Prefeitura no Setor de Licita\u00e7\u00f5es ou solicita\u00e7\u00e3o por e-mail compras@pirauba.mg.gov.br. Outras informa\u00e7\u00f5es (32) 3573-1575 de 12:00 \u00e0s 18:00 h. Pira\u00faba, MG, 10 de abril de 2018. Adriano Carvalhaes Gravina \u2013 Prefeito Municipal. Fabiana Gon\u00e7alves de Paiva Benevenuto \u2013 Pregoeira.<\/p>\n","protected":false},"excerpt":{"rendered":"<p>MUNIC\u00cdPIO DE PIRA\u00daBA \u2013 Publica\u00e7\u00e3o de Licita\u00e7\u00e3o \u2013 Preg\u00e3o Presencial n.\u00ba 020\/2018 \u2013 Processo: PRC n.\u00ba 038\/2018. Objeto: Contrata\u00e7\u00e3o de Microempresa ME, Empresa de Pequeno Porte EPP ou equiparadas (todos os beneficiados pela LC 123\/06) ou profissional habilitado, para a presta\u00e7\u00e3o de servi\u00e7os de Instrutor regente de banda e Maestro da \u201cCorpora\u00e7\u00e3o Musical Maestro Omar [&hellip;]<\/p>\n","protected":false},"author":96,"featured_media":0,"comment_status":"closed","ping_status":"closed","sticky":false,"template":"","format":"standard","meta":{"footnotes":""},"categories":[307],"tags":[],"class_list":["post-96025","post","type-post","status-publish","format-standard","hentry","category-editais"],"_links":{"self":[{"href":"https:\/\/diarioregionaldigital.com.br\/index.php?rest_route=\/wp\/v2\/posts\/96025","targetHints":{"allow":["GET"]}}],"collection":[{"href":"https:\/\/diarioregionaldigital.com.br\/index.php?rest_route=\/wp\/v2\/posts"}],"about":[{"href":"https:\/\/diarioregionaldigital.com.br\/index.php?rest_route=\/wp\/v2\/types\/post"}],"author":[{"embeddable":true,"href":"https:\/\/diarioregionaldigital.com.br\/index.php?rest_route=\/wp\/v2\/users\/96"}],"replies":[{"embeddable":true,"href":"https:\/\/diarioregionaldigital.com.br\/index.php?rest_route=%2Fwp%2Fv2%2Fcomments&post=96025"}],"version-history":[{"count":0,"href":"https:\/\/diarioregionaldigital.com.br\/index.php?rest_route=\/wp\/v2\/posts\/96025\/revisions"}],"wp:attachment":[{"href":"https:\/\/diarioregionaldigital.com.br\/index.php?rest_route=%2Fwp%2Fv2%2Fmedia&parent=96025"}],"wp:term":[{"taxonomy":"category","embeddable":true,"href":"https:\/\/diarioregionaldigital.com.br\/index.php?rest_route=%2Fwp%2Fv2%2Fcategories&post=96025"},{"taxonomy":"post_tag","embeddable":true,"href":"https:\/\/diarioregionaldigital.com.br\/index.php?rest_route=%2Fwp%2Fv2%2Ftags&post=96025"}],"curies":[{"name":"wp","href":"https:\/\/api.w.org\/{rel}","templated":true}]}}