{"id":95996,"date":"2018-04-10T20:55:38","date_gmt":"2018-04-10T23:55:38","guid":{"rendered":"http:\/\/diarioregionaljf.com.br\/2018\/04\/10\/prefeitura-de-leopoldina-abre-processo-seletivo-com-17-vagas\/"},"modified":"2018-04-10T20:55:38","modified_gmt":"2018-04-10T23:55:38","slug":"prefeitura-de-leopoldina-abre-processo-seletivo-com-17-vagas","status":"publish","type":"post","link":"https:\/\/diarioregionaldigital.com.br\/?p=95996","title":{"rendered":"Prefeitura de Leopoldina abre processo seletivo com 17 vagas"},"content":{"rendered":"<p>A Prefeitura de Leopoldina divulgou cinco editais de processos seletivos destinados a contrata\u00e7\u00e3o de 17 profissionais. As vagas s\u00e3o em cargos de n\u00edveis m\u00e9dio e superior e a remunera\u00e7\u00e3o varia entre R$772,43 e R$2.566,56.<\/p>\n<h4>&nbsp;<\/h4>\n<h4>CONFIRA AS VAGAS POR EDITAIS<\/h4>\n<p>Editais n\u00ba 01,02, 04 e 05 &#8211; Agente Social (2); Comunicador (1); Engenheiro Ambiental (1); Entrevistador\/cadastrador (2); T\u00e9cnico de A\u00e7\u00f5es Complementares do Programa Bolsa Fam\u00edlia e de Cadastramento, Atualiza\u00e7\u00e3o e Qualidade Cadastral (1).<\/p>\n<p>Edital n\u00ba 3 &#8211; Orientador Social (2); Facilitador de: Oficina de Capoeira (1); Oficina de Artes (1); Oficina de Yoga (1); Oficina de Futsal\/Futebol (2); Oficina de M\u00fasica (1); Oficina de Viv\u00eancias Grupais para Pessoas Idosas e Deficientes (1) e Oficina de Dan\u00e7a Zumba e Dan\u00e7a S\u00eanior (1).<\/p>\n<p>A inscri\u00e7\u00e3o para o edital n\u00ba 03 segue aberta at\u00e9 o dia 18. J\u00e1 as dos editais n\u00ba 01, 02, 04 ou 05 podem ser realizadas at\u00e9 o dia 17 de abril de 2018. As inscri\u00e7\u00f5es podem ser feitas na Secretaria Municipal de Assist\u00eancia Social, situada \u00e0 Rua Tiradentes, n\u00ba 122, Centro, no hor\u00e1rio de 12h&nbsp;\u00e0s 16h, de segunda a sexta-feira.<\/p>\n<p>Clique aqui para acessar os <a href=\"http:\/\/www.leopoldina.mg.gov.br\/\">editais<\/a>.<\/p>\n<p>Fonte: O Vigilante Online<\/p>\n","protected":false},"excerpt":{"rendered":"<p>A Prefeitura de Leopoldina divulgou cinco editais de processos seletivos destinados a contrata\u00e7\u00e3o de 17 profissionais. As vagas s\u00e3o em cargos de n\u00edveis m\u00e9dio e superior e a remunera\u00e7\u00e3o varia entre R$772,43 e R$2.566,56. &nbsp; CONFIRA AS VAGAS POR EDITAIS Editais n\u00ba 01,02, 04 e 05 &#8211; Agente Social (2); Comunicador (1); Engenheiro Ambiental (1); [&hellip;]<\/p>\n","protected":false},"author":96,"featured_media":95995,"comment_status":"closed","ping_status":"closed","sticky":false,"template":"","format":"standard","meta":{"footnotes":""},"categories":[252],"tags":[],"class_list":["post-95996","post","type-post","status-publish","format-standard","has-post-thumbnail","hentry","category-regiao"],"_links":{"self":[{"href":"https:\/\/diarioregionaldigital.com.br\/index.php?rest_route=\/wp\/v2\/posts\/95996","targetHints":{"allow":["GET"]}}],"collection":[{"href":"https:\/\/diarioregionaldigital.com.br\/index.php?rest_route=\/wp\/v2\/posts"}],"about":[{"href":"https:\/\/diarioregionaldigital.com.br\/index.php?rest_route=\/wp\/v2\/types\/post"}],"author":[{"embeddable":true,"href":"https:\/\/diarioregionaldigital.com.br\/index.php?rest_route=\/wp\/v2\/users\/96"}],"replies":[{"embeddable":true,"href":"https:\/\/diarioregionaldigital.com.br\/index.php?rest_route=%2Fwp%2Fv2%2Fcomments&post=95996"}],"version-history":[{"count":0,"href":"https:\/\/diarioregionaldigital.com.br\/index.php?rest_route=\/wp\/v2\/posts\/95996\/revisions"}],"wp:featuredmedia":[{"embeddable":true,"href":"https:\/\/diarioregionaldigital.com.br\/index.php?rest_route=\/wp\/v2\/media\/95995"}],"wp:attachment":[{"href":"https:\/\/diarioregionaldigital.com.br\/index.php?rest_route=%2Fwp%2Fv2%2Fmedia&parent=95996"}],"wp:term":[{"taxonomy":"category","embeddable":true,"href":"https:\/\/diarioregionaldigital.com.br\/index.php?rest_route=%2Fwp%2Fv2%2Fcategories&post=95996"},{"taxonomy":"post_tag","embeddable":true,"href":"https:\/\/diarioregionaldigital.com.br\/index.php?rest_route=%2Fwp%2Fv2%2Ftags&post=95996"}],"curies":[{"name":"wp","href":"https:\/\/api.w.org\/{rel}","templated":true}]}}