{"id":95994,"date":"2018-04-10T20:43:30","date_gmt":"2018-04-10T23:43:30","guid":{"rendered":"http:\/\/diarioregionaljf.com.br\/2018\/04\/10\/comissao-vota-relatorio-de-mp-que-antecipa-idade-de-saques-de-contas-do-pis-pasep\/"},"modified":"2018-04-10T20:43:30","modified_gmt":"2018-04-10T23:43:30","slug":"comissao-vota-relatorio-de-mp-que-antecipa-idade-de-saques-de-contas-do-pis-pasep","status":"publish","type":"post","link":"https:\/\/diarioregionaldigital.com.br\/?p=95994","title":{"rendered":"Comiss\u00e3o vota relat\u00f3rio de MP que antecipa idade de saques de contas do PIS\/Pasep"},"content":{"rendered":"<p>A comiss\u00e3o mista que analisa a Medida Provis\u00f3ria 813\/2017 se re\u00fane nesta quarta-feira, 11, \u00e0s 14h30, para votar o relat\u00f3rio do senador Lasier Martins (PSD-RS). A medida reduz para 60 anos a idade m\u00ednima para saque do fundo PIS\/Pasep. Ela \u00e9 uma reedi\u00e7\u00e3o da MP 797\/2017, que perdeu efic\u00e1cia porque n\u00e3o foi votada a tempo pelo Congresso Nacional no ano passado.<\/p>\n<p>Em agosto do ano passado, o presidente Michel Temer assinou a MP 797\/2017, prevendo a libera\u00e7\u00e3o de saque para homens a partir de 65 anos e mulheres a partir de 62 anos. O texto perdeu a validade no dia 21 de dezembro, sem ter sido votado pelo Congresso. Na nova MP, o governo reduziu ainda mais a idade autorizada para os saques, que agora ser\u00e1 de 60 anos, tanto para homens quanto para mulheres.<\/p>\n<p>Tem direito aos recursos do abono o trabalhador do setor p\u00fablico ou privado que tenha contribu\u00eddo para o PIS ou Pasep at\u00e9 4 de outubro de 1988 e que n\u00e3o tenha feito o resgate total do saldo do fundo. A Caixa, respons\u00e1vel pelo PIS, e o Banco do Brasil, administrador do Pasep, fazem esse pagamento de acordo com um calend\u00e1rio anual.<\/p>\n<p>A comiss\u00e3o mista \u00e9 presidida pelo deputado D\u00e9cio Lima (PT-SC).<\/p>\n<p>Fonte: Ag\u00eancia Senado<\/p>\n","protected":false},"excerpt":{"rendered":"<p>A comiss\u00e3o mista que analisa a Medida Provis\u00f3ria 813\/2017 se re\u00fane nesta quarta-feira, 11, \u00e0s 14h30, para votar o relat\u00f3rio do senador Lasier Martins (PSD-RS). A medida reduz para 60 anos a idade m\u00ednima para saque do fundo PIS\/Pasep. Ela \u00e9 uma reedi\u00e7\u00e3o da MP 797\/2017, que perdeu efic\u00e1cia porque n\u00e3o foi votada a tempo [&hellip;]<\/p>\n","protected":false},"author":96,"featured_media":95993,"comment_status":"closed","ping_status":"closed","sticky":false,"template":"","format":"standard","meta":{"footnotes":""},"categories":[254],"tags":[],"class_list":["post-95994","post","type-post","status-publish","format-standard","has-post-thumbnail","hentry","category-politica"],"_links":{"self":[{"href":"https:\/\/diarioregionaldigital.com.br\/index.php?rest_route=\/wp\/v2\/posts\/95994","targetHints":{"allow":["GET"]}}],"collection":[{"href":"https:\/\/diarioregionaldigital.com.br\/index.php?rest_route=\/wp\/v2\/posts"}],"about":[{"href":"https:\/\/diarioregionaldigital.com.br\/index.php?rest_route=\/wp\/v2\/types\/post"}],"author":[{"embeddable":true,"href":"https:\/\/diarioregionaldigital.com.br\/index.php?rest_route=\/wp\/v2\/users\/96"}],"replies":[{"embeddable":true,"href":"https:\/\/diarioregionaldigital.com.br\/index.php?rest_route=%2Fwp%2Fv2%2Fcomments&post=95994"}],"version-history":[{"count":0,"href":"https:\/\/diarioregionaldigital.com.br\/index.php?rest_route=\/wp\/v2\/posts\/95994\/revisions"}],"wp:featuredmedia":[{"embeddable":true,"href":"https:\/\/diarioregionaldigital.com.br\/index.php?rest_route=\/wp\/v2\/media\/95993"}],"wp:attachment":[{"href":"https:\/\/diarioregionaldigital.com.br\/index.php?rest_route=%2Fwp%2Fv2%2Fmedia&parent=95994"}],"wp:term":[{"taxonomy":"category","embeddable":true,"href":"https:\/\/diarioregionaldigital.com.br\/index.php?rest_route=%2Fwp%2Fv2%2Fcategories&post=95994"},{"taxonomy":"post_tag","embeddable":true,"href":"https:\/\/diarioregionaldigital.com.br\/index.php?rest_route=%2Fwp%2Fv2%2Ftags&post=95994"}],"curies":[{"name":"wp","href":"https:\/\/api.w.org\/{rel}","templated":true}]}}