{"id":95988,"date":"2018-04-10T19:31:07","date_gmt":"2018-04-10T22:31:07","guid":{"rendered":"http:\/\/diarioregionaljf.com.br\/2018\/04\/10\/funalfa-mantem-cadastro-para-pareceristas-de-projetos-culturais\/"},"modified":"2018-04-10T19:31:07","modified_gmt":"2018-04-10T22:31:07","slug":"funalfa-mantem-cadastro-para-pareceristas-de-projetos-culturais","status":"publish","type":"post","link":"https:\/\/diarioregionaldigital.com.br\/?p=95988","title":{"rendered":"Funalfa mant\u00e9m cadastro para pareceristas de projetos culturais"},"content":{"rendered":"<p>A Funda\u00e7\u00e3o Cultural Alfredo Ferreira Lage (Funalfa) continua credenciando pessoas f\u00edsicas interessadas em prestar servi\u00e7os remunerados de an\u00e1lise e emiss\u00e3o de pareceres t\u00e9cnicos de projetos culturais. Os pareceristas far\u00e3o parte de um banco de dados permanente e poder\u00e3o ser acionados quando forem abertos editais do Programa Cultural Murilo Mendes e outros a serem lan\u00e7ados pela Funalfa.<\/p>\n<p>Podem se inscrever brasileiros natos ou naturalizados, com idade m\u00ednima de 18 anos, que comprovem ter, pelo menos, tr\u00eas anos de experi\u00eancia na \u00e1rea cultural pleiteada (artes c\u00eanicas, artes digitais, artes urbanas, artes visuais, audiovisual, cultura popular, literatura, mem\u00f3ria social e urbana; m\u00fasica; multim\u00eddias; patrim\u00f4nio material e imaterial). Tamb\u00e9m \u00e9 necess\u00e1rio ter conclu\u00eddo o ensino m\u00e9dio ou equivalente.<\/p>\n<p>O edital completo, informando os documentos necess\u00e1rios, e os anexos est\u00e3o dispon\u00edveis no <a href=\"https:\/\/www.pjf.mg.gov.br\/administracao_indireta\/funalfa\/\">link.<\/a> As inscri\u00e7\u00f5es s\u00e3o recebidas exclusivamente pelo e-mail leimurilomendesjf@gmail.com.<\/p>\n<p>A aprova\u00e7\u00e3o da inscri\u00e7\u00e3o n\u00e3o gera direito \u00e0 contrata\u00e7\u00e3o, que ficar\u00e1 a crit\u00e9rio da Funalfa, seguindo os princ\u00edpios da necessidade e oportunidade da administra\u00e7\u00e3o p\u00fablica. A remunera\u00e7\u00e3o pela presta\u00e7\u00e3o de servi\u00e7os ser\u00e1 fixada pela Funalfa por ocasi\u00e3o da contrata\u00e7\u00e3o, seguindo valores determinados pela tabela em <a href=\"https:\/\/www.pjf.mg.gov.br\/noticias\/anexo\/parecerista.pdf\">anexo<\/a>.<\/p>\n<p>Fonte: Assessoria<\/p>\n","protected":false},"excerpt":{"rendered":"<p>A Funda\u00e7\u00e3o Cultural Alfredo Ferreira Lage (Funalfa) continua credenciando pessoas f\u00edsicas interessadas em prestar servi\u00e7os remunerados de an\u00e1lise e emiss\u00e3o de pareceres t\u00e9cnicos de projetos culturais. Os pareceristas far\u00e3o parte de um banco de dados permanente e poder\u00e3o ser acionados quando forem abertos editais do Programa Cultural Murilo Mendes e outros a serem lan\u00e7ados pela [&hellip;]<\/p>\n","protected":false},"author":96,"featured_media":95987,"comment_status":"closed","ping_status":"closed","sticky":false,"template":"","format":"standard","meta":{"footnotes":""},"categories":[256],"tags":[],"class_list":["post-95988","post","type-post","status-publish","format-standard","has-post-thumbnail","hentry","category-cultura"],"_links":{"self":[{"href":"https:\/\/diarioregionaldigital.com.br\/index.php?rest_route=\/wp\/v2\/posts\/95988","targetHints":{"allow":["GET"]}}],"collection":[{"href":"https:\/\/diarioregionaldigital.com.br\/index.php?rest_route=\/wp\/v2\/posts"}],"about":[{"href":"https:\/\/diarioregionaldigital.com.br\/index.php?rest_route=\/wp\/v2\/types\/post"}],"author":[{"embeddable":true,"href":"https:\/\/diarioregionaldigital.com.br\/index.php?rest_route=\/wp\/v2\/users\/96"}],"replies":[{"embeddable":true,"href":"https:\/\/diarioregionaldigital.com.br\/index.php?rest_route=%2Fwp%2Fv2%2Fcomments&post=95988"}],"version-history":[{"count":0,"href":"https:\/\/diarioregionaldigital.com.br\/index.php?rest_route=\/wp\/v2\/posts\/95988\/revisions"}],"wp:featuredmedia":[{"embeddable":true,"href":"https:\/\/diarioregionaldigital.com.br\/index.php?rest_route=\/wp\/v2\/media\/95987"}],"wp:attachment":[{"href":"https:\/\/diarioregionaldigital.com.br\/index.php?rest_route=%2Fwp%2Fv2%2Fmedia&parent=95988"}],"wp:term":[{"taxonomy":"category","embeddable":true,"href":"https:\/\/diarioregionaldigital.com.br\/index.php?rest_route=%2Fwp%2Fv2%2Fcategories&post=95988"},{"taxonomy":"post_tag","embeddable":true,"href":"https:\/\/diarioregionaldigital.com.br\/index.php?rest_route=%2Fwp%2Fv2%2Ftags&post=95988"}],"curies":[{"name":"wp","href":"https:\/\/api.w.org\/{rel}","templated":true}]}}