{"id":95986,"date":"2018-04-10T19:24:43","date_gmt":"2018-04-10T22:24:43","guid":{"rendered":"http:\/\/diarioregionaljf.com.br\/2018\/04\/10\/cpi-que-investiga-contaminacao-em-barcarena-ouve-denuncias-da-comunidade\/"},"modified":"2018-04-10T19:24:43","modified_gmt":"2018-04-10T22:24:43","slug":"cpi-que-investiga-contaminacao-em-barcarena-ouve-denuncias-da-comunidade","status":"publish","type":"post","link":"https:\/\/diarioregionaldigital.com.br\/?p=95986","title":{"rendered":"CPI que investiga contamina\u00e7\u00e3o em Barcarena ouve den\u00fancias da comunidade"},"content":{"rendered":"<p>Deputados da Comiss\u00e3o Parlamentar de Inqu\u00e9rito (CPI) da Assembleia Legislativa do Par\u00e1 que investiga a contamina\u00e7\u00e3o ambiental causada pelo polo industrial de Barcarena ouviram nessa segunda-feira, 9, lideran\u00e7as de comunidades atingidas pela polui\u00e7\u00e3o de rios da regi\u00e3o.<\/p>\n<p>A primeira lideran\u00e7a comunit\u00e1ria a prestar depoimento foi Jos\u00e9 Roberto Cravo, representante da Comunidade Quilombola S\u00edtio Concei\u00e7\u00e3o. Em seguida, os deputados ouviram Maria de F\u00e1tima Dias dos Anjos, representante da Comunidade do Curuper\u00e9. Outras duas testemunhas que haviam sido convidadas n\u00e3o compareceram.<\/p>\n<p>Nos depoimentos, as lideran\u00e7as relataram que, nos \u00faltimos anos, as atividades do polo industrial de Barcarena geraram mudan\u00e7as na colora\u00e7\u00e3o dos rios, mortandade de peixes e da vegeta\u00e7\u00e3o, al\u00e9m do aumento de doen\u00e7as nos moradores da regi\u00e3o. Entre elas, c\u00e2ncer, doen\u00e7as de pele, cegueira e at\u00e9 problemas de sa\u00fade mental. Uma crian\u00e7a e um adolescente teriam morrido em consequ\u00eancia do vazamento de produtos t\u00f3xicos.<\/p>\n<p>O relator da CPI que investiga a contamina\u00e7\u00e3o causada pelo polo industrial de Barcarena, Celso Sabino, considera as den\u00fancias graves e afirma que a comiss\u00e3o quer a\u00e7\u00f5es mais diretas da prefeitura da cidade, especialmente na \u00e1rea pr\u00f3xima \u00e0 empresa Hydro Alunorte. Sabino e outros parlamentares estiveram na regi\u00e3o h\u00e1 uma semana.<\/p>\n<p>\u201cTemos aqui uma recomenda\u00e7\u00e3o que ser\u00e1 encaminhada \u00e0 prefeitura de Barcarena para que seja suspensa, embargada, qualquer tipo de obra de movimenta\u00e7\u00e3o de terra ali no entorno dessas bacias, porque hoje n\u00f3s n\u00e3o sabemos se essa terra est\u00e1 contaminada ou n\u00e3o. O que n\u00f3s testemunhamos \u00e9 que ela est\u00e1 escorrendo para as nascentes dos rios em virtude da movimenta\u00e7\u00e3o que a empresa est\u00e1 fazendo l\u00e1 em cima\u201d, disse o deputado.<\/p>\n<p>A empresa Hydro Alunorte afirma que ainda n\u00e3o tomou conhecimento da recomenda\u00e7\u00e3o da CPI para a prefeitura de Barcarena. De acordo com a companhia, estudos realizados pela for\u00e7a-tarefa interna e por uma consultoria ambiental atestam que n\u00e3o houve transbordo das \u00e1reas dos dep\u00f3sitos de res\u00edduos de bauxita.<\/p>\n<p>Ainda segundo a Alunorte, n\u00e3o h\u00e1 indica\u00e7\u00e3o ou evid\u00eancia de contamina\u00e7\u00e3o nas comunidades pr\u00f3ximas da refinaria ap\u00f3s as chuvas de fevereiro. Procurada, a Secretaria de Sa\u00fade de Barcarena disse que desconhece \u00f3bitos relacionados ao fato. At\u00e9 o fechamento desta edi\u00e7\u00e3o, n\u00e3o conseguimos contatos com a prefeitura de Barcarena.<\/p>\n<p>Fonte: Ag\u00eancia Brasil<\/p>\n","protected":false},"excerpt":{"rendered":"<p>Deputados da Comiss\u00e3o Parlamentar de Inqu\u00e9rito (CPI) da Assembleia Legislativa do Par\u00e1 que investiga a contamina\u00e7\u00e3o ambiental causada pelo polo industrial de Barcarena ouviram nessa segunda-feira, 9, lideran\u00e7as de comunidades atingidas pela polui\u00e7\u00e3o de rios da regi\u00e3o. A primeira lideran\u00e7a comunit\u00e1ria a prestar depoimento foi Jos\u00e9 Roberto Cravo, representante da Comunidade Quilombola S\u00edtio Concei\u00e7\u00e3o. Em [&hellip;]<\/p>\n","protected":false},"author":96,"featured_media":95985,"comment_status":"closed","ping_status":"closed","sticky":false,"template":"","format":"standard","meta":{"footnotes":""},"categories":[302],"tags":[],"class_list":["post-95986","post","type-post","status-publish","format-standard","has-post-thumbnail","hentry","category-brasil-mundo"],"_links":{"self":[{"href":"https:\/\/diarioregionaldigital.com.br\/index.php?rest_route=\/wp\/v2\/posts\/95986","targetHints":{"allow":["GET"]}}],"collection":[{"href":"https:\/\/diarioregionaldigital.com.br\/index.php?rest_route=\/wp\/v2\/posts"}],"about":[{"href":"https:\/\/diarioregionaldigital.com.br\/index.php?rest_route=\/wp\/v2\/types\/post"}],"author":[{"embeddable":true,"href":"https:\/\/diarioregionaldigital.com.br\/index.php?rest_route=\/wp\/v2\/users\/96"}],"replies":[{"embeddable":true,"href":"https:\/\/diarioregionaldigital.com.br\/index.php?rest_route=%2Fwp%2Fv2%2Fcomments&post=95986"}],"version-history":[{"count":0,"href":"https:\/\/diarioregionaldigital.com.br\/index.php?rest_route=\/wp\/v2\/posts\/95986\/revisions"}],"wp:featuredmedia":[{"embeddable":true,"href":"https:\/\/diarioregionaldigital.com.br\/index.php?rest_route=\/wp\/v2\/media\/95985"}],"wp:attachment":[{"href":"https:\/\/diarioregionaldigital.com.br\/index.php?rest_route=%2Fwp%2Fv2%2Fmedia&parent=95986"}],"wp:term":[{"taxonomy":"category","embeddable":true,"href":"https:\/\/diarioregionaldigital.com.br\/index.php?rest_route=%2Fwp%2Fv2%2Fcategories&post=95986"},{"taxonomy":"post_tag","embeddable":true,"href":"https:\/\/diarioregionaldigital.com.br\/index.php?rest_route=%2Fwp%2Fv2%2Ftags&post=95986"}],"curies":[{"name":"wp","href":"https:\/\/api.w.org\/{rel}","templated":true}]}}