{"id":95984,"date":"2018-04-10T19:18:33","date_gmt":"2018-04-10T22:18:33","guid":{"rendered":"http:\/\/diarioregionaljf.com.br\/2018\/04\/10\/balas-perdidas-atingem-duas-mulheres-na-zona-norte-do-rio\/"},"modified":"2018-04-10T19:18:33","modified_gmt":"2018-04-10T22:18:33","slug":"balas-perdidas-atingem-duas-mulheres-na-zona-norte-do-rio","status":"publish","type":"post","link":"https:\/\/diarioregionaldigital.com.br\/?p=95984","title":{"rendered":"Balas perdidas atingem duas mulheres na zona norte do Rio"},"content":{"rendered":"<p>Duas mulheres foram v\u00edtimas de bala perdida nessa segunda-feira, 9, na zona norte da cidade do Rio de Janeiro. Uma delas, identificada como Luciane Santos, de 45 anos, foi atingida na perna dentro de casa, na rua Riacho Doce, no bairro de Oswaldo Cruz.<\/p>\n<p>Luciane foi socorrida pelo Corpo de Bombeiros e encaminhada ao Hospital Estadual Carlos Chagas. A outra v\u00edtima foi atingida no p\u00e9 enquanto aguardava a chegada do trem na esta\u00e7\u00e3o de Madureira, pr\u00f3ximo da primeira v\u00edtima.<\/p>\n<p>A Pol\u00edcia Militar informou que logo ap\u00f3s o fim de uma opera\u00e7\u00e3o para combater o tr\u00e1fico de drogas na regi\u00e3o, na comunidade da Serrinha, policiais foram acionados para a ocorr\u00eancia. Elis\u00e2ngela Bayerl, de 46 anos, foi socorrida e seria levada para um hospital pr\u00f3ximo, mas segundo o Corpo de Bombeiros, ela preferiu ir sozinha para uma unidade de sa\u00fade.<\/p>\n<p>Fonte: Ag\u00eancia Brasil<\/p>\n","protected":false},"excerpt":{"rendered":"<p>Duas mulheres foram v\u00edtimas de bala perdida nessa segunda-feira, 9, na zona norte da cidade do Rio de Janeiro. Uma delas, identificada como Luciane Santos, de 45 anos, foi atingida na perna dentro de casa, na rua Riacho Doce, no bairro de Oswaldo Cruz. Luciane foi socorrida pelo Corpo de Bombeiros e encaminhada ao Hospital [&hellip;]<\/p>\n","protected":false},"author":96,"featured_media":95895,"comment_status":"closed","ping_status":"closed","sticky":false,"template":"","format":"standard","meta":{"footnotes":""},"categories":[302],"tags":[],"class_list":["post-95984","post","type-post","status-publish","format-standard","has-post-thumbnail","hentry","category-brasil-mundo"],"_links":{"self":[{"href":"https:\/\/diarioregionaldigital.com.br\/index.php?rest_route=\/wp\/v2\/posts\/95984","targetHints":{"allow":["GET"]}}],"collection":[{"href":"https:\/\/diarioregionaldigital.com.br\/index.php?rest_route=\/wp\/v2\/posts"}],"about":[{"href":"https:\/\/diarioregionaldigital.com.br\/index.php?rest_route=\/wp\/v2\/types\/post"}],"author":[{"embeddable":true,"href":"https:\/\/diarioregionaldigital.com.br\/index.php?rest_route=\/wp\/v2\/users\/96"}],"replies":[{"embeddable":true,"href":"https:\/\/diarioregionaldigital.com.br\/index.php?rest_route=%2Fwp%2Fv2%2Fcomments&post=95984"}],"version-history":[{"count":0,"href":"https:\/\/diarioregionaldigital.com.br\/index.php?rest_route=\/wp\/v2\/posts\/95984\/revisions"}],"wp:featuredmedia":[{"embeddable":true,"href":"https:\/\/diarioregionaldigital.com.br\/index.php?rest_route=\/wp\/v2\/media\/95895"}],"wp:attachment":[{"href":"https:\/\/diarioregionaldigital.com.br\/index.php?rest_route=%2Fwp%2Fv2%2Fmedia&parent=95984"}],"wp:term":[{"taxonomy":"category","embeddable":true,"href":"https:\/\/diarioregionaldigital.com.br\/index.php?rest_route=%2Fwp%2Fv2%2Fcategories&post=95984"},{"taxonomy":"post_tag","embeddable":true,"href":"https:\/\/diarioregionaldigital.com.br\/index.php?rest_route=%2Fwp%2Fv2%2Ftags&post=95984"}],"curies":[{"name":"wp","href":"https:\/\/api.w.org\/{rel}","templated":true}]}}