{"id":95983,"date":"2018-04-10T19:13:04","date_gmt":"2018-04-10T22:13:04","guid":{"rendered":"http:\/\/diarioregionaljf.com.br\/2018\/04\/10\/ufjf-oferece-curso-sobre-atual-momento-politico-da-sociedade\/"},"modified":"2018-04-10T19:13:04","modified_gmt":"2018-04-10T22:13:04","slug":"ufjf-oferece-curso-sobre-atual-momento-politico-da-sociedade","status":"publish","type":"post","link":"https:\/\/diarioregionaldigital.com.br\/?p=95983","title":{"rendered":"UFJF oferece curso sobre atual momento pol\u00edtico da sociedade"},"content":{"rendered":"<p>O processo de Impeachment Dilma, que muitos consideram como golpe de 2016, o atual governo Temer com suas constantes den\u00fancias, os desdobramentos da opera\u00e7\u00e3o Lava-jato, a proximidade das elei\u00e7\u00f5es de 2018, o assassinato da vereadora Marielle Franco, as acusa\u00e7\u00f5es entre pa\u00edses e presidentes, os recentes vazamentos de informa\u00e7\u00f5es em redes sociais, o crescente impacto das chamadas \u201cfake news\u201d, s\u00e3o apenas alguns dos atuais cen\u00e1rios de nossa pol\u00edtica e sociedade. Situa\u00e7\u00f5es que demonstram uma profunda crise em que cidades, estados, pa\u00edses, organiza\u00e7\u00f5es, enfim, toda a popula\u00e7\u00e3o encontra-se mergulhada.<\/p>\n<p>Receber e conviver com todos esses fatos e ainda interpret\u00e1-los, poder ser um grande desafio para muitas pessoas. Pensando nisso a Universidade Federal de Juiz de Fora (UFJF) dar\u00e1 in\u00edcio a partir do dia 4 de maio, a um projeto de extens\u00e3o que tem por finalidade auxiliar representantes de institui\u00e7\u00f5es da sociedade civil de Juiz de Fora a se naturalizarem com essas atuais condi\u00e7\u00f5es da pol\u00edtica e sociedade.<\/p>\n<p>O curso \u201cAn\u00e1lise pol\u00edtica e conjuntura: instrumentos para a sociedade\u201d ter\u00e1 dura\u00e7\u00e3o de nove meses e ocorrer\u00e1 na Casa de Cultura da UFJF (Av. Bar\u00e3o do Rio Branco, 3.372, Centro, Juiz de Fora.), todas as sextas-feiras, de 19h \u00e0s 21h. O projeto \u00e9 coordenado pelos professores Dr. Raul Francisco Magalh\u00e3es (UFJF) e Dr. Orlando Lyra de Carvalho Jr. (UVV).<\/p>\n<p>S\u00e3o ofertadas 30 vagas para o curso e as pessoas interessadas devem estar vinculadas a institui\u00e7\u00f5es sindicais, associa\u00e7\u00f5es de moradores, e outras associa\u00e7\u00f5es da sociedade civil interessadas em integrar um programa de debate e de an\u00e1lise pol\u00edtica.<\/p>\n<p>Orlando Lyra explica que a partir da natureza do projeto e com o que ser\u00e1 transmitido nos encontros, ser\u00e1 mais f\u00e1cil compreender a conjuntura atual do ponto de vista pol\u00edtico. \u201cCom base na ci\u00eancia pol\u00edtica n\u00f3s vamos passar instrumentos te\u00f3rico-pr\u00e1ticos para que nossas lideran\u00e7as tenham condi\u00e7\u00f5es de fazer uma an\u00e1lise critica do que ocorre no Brasil e no mundo\u201d.<\/p>\n<p>Nos encontros ser\u00e3o abordados conceitos importantes para a compreens\u00e3o da pol\u00edtica. Os participantes ter\u00e3o a oportunidade de praticar uma leitura cr\u00edtica de acontecimentos, fatos e problemas sociais reportados pela m\u00eddia impressa e eletr\u00f4nica. O foco central ter\u00e1 como eixo de an\u00e1lise as elei\u00e7\u00f5es gerais de outubro de 2018, a qual ser\u00e1 monitorada semanalmente.<\/p>\n<p>Lyra refor\u00e7a que n\u00e3o haver\u00e1 defesa de nenhum partido ou ideologia. \u201cO projeto tem a finalidade de conscientiza\u00e7\u00e3o pol\u00edtica, sem ter doutrina\u00e7\u00e3o. N\u00e3o se faz um debate pol\u00edtico com um pensamento \u00fanico\u201d destacou. Ele tamb\u00e9m alerta para o grau de compreens\u00e3o da sociedade brasileira e a intoler\u00e2ncia que vivemos atualmente. \u201cO grande mal que enfrentamos no Brasil hoje \u00e9 a desinforma\u00e7\u00e3o. Precisamos ter uma posi\u00e7\u00e3o cr\u00edtica, uma posi\u00e7\u00e3o estudada, n\u00e3o para destruir a opini\u00e3o contr\u00e1ria, mas sim, para critic\u00e1-la, no sentido de polir. Do ponto de vista educacional, nossos eleitores t\u00eam informa\u00e7\u00f5es m\u00ednimas sobre pol\u00edtica\u201d conclui ele.<\/p>\n<p>Durante a dura\u00e7\u00e3o do projeto ser\u00e3o discutidos, por exemplo, assuntos como, democracia, cidadania, direitos, conflitos, elei\u00e7\u00f5es, agentes pol\u00edticos e movimentos sociais, m\u00eddia, internet e opini\u00e3o p\u00fablica, pol\u00edtica local, prefeitos e vereadores, dentre outros.<\/p>\n<p>Raul Magalh\u00e3es tamb\u00e9m refor\u00e7a o objetivo do projeto, explicando que se trata de \u201cuma tentativa de iniciar um grupo de reflex\u00e3o sobre conjuntura pol\u00edtica e aproximar alguns conceitos da ci\u00eancia pol\u00edtica praticados nas universidades com as an\u00e1lises feitas por ativistas ligados a sociedade civil organizada. Precisamos jogar um pouco mais de luz, pensar mais propriamente a pol\u00edtica, para ent\u00e3o sairmos dessa zona nebulosa que se formou sobre a sociedade\u201d conclui ele.<\/p>\n<h4>INSCRI\u00c7\u00d5ES<\/h4>\n<p>As inscri\u00e7\u00f5es no curso s\u00e3o gratuitas e independente de escolaridade. Os candidatos devem ser nominalmente indicados por uma carta de apresenta\u00e7\u00e3o da institui\u00e7\u00e3o a que pertencem, a qual dever\u00e1 ser enviada a um dos seguintes endere\u00e7os eletr\u00f4nicos: raul.ufjf@gmail.com e orlandolyra@gmail.com. As vagas ser\u00e3o preenchidas pela ordem de inscri\u00e7\u00e3o que terminam no pr\u00f3ximo dia 16 de abril.<\/p>\n<p>Ser\u00e3o emitidos certificados para quem tiver 75% de presen\u00e7a.<\/p>\n","protected":false},"excerpt":{"rendered":"<p>O processo de Impeachment Dilma, que muitos consideram como golpe de 2016, o atual governo Temer com suas constantes den\u00fancias, os desdobramentos da opera\u00e7\u00e3o Lava-jato, a proximidade das elei\u00e7\u00f5es de 2018, o assassinato da vereadora Marielle Franco, as acusa\u00e7\u00f5es entre pa\u00edses e presidentes, os recentes vazamentos de informa\u00e7\u00f5es em redes sociais, o crescente impacto das [&hellip;]<\/p>\n","protected":false},"author":96,"featured_media":95982,"comment_status":"closed","ping_status":"closed","sticky":false,"template":"","format":"standard","meta":{"footnotes":""},"categories":[253],"tags":[],"class_list":["post-95983","post","type-post","status-publish","format-standard","has-post-thumbnail","hentry","category-cidade"],"_links":{"self":[{"href":"https:\/\/diarioregionaldigital.com.br\/index.php?rest_route=\/wp\/v2\/posts\/95983","targetHints":{"allow":["GET"]}}],"collection":[{"href":"https:\/\/diarioregionaldigital.com.br\/index.php?rest_route=\/wp\/v2\/posts"}],"about":[{"href":"https:\/\/diarioregionaldigital.com.br\/index.php?rest_route=\/wp\/v2\/types\/post"}],"author":[{"embeddable":true,"href":"https:\/\/diarioregionaldigital.com.br\/index.php?rest_route=\/wp\/v2\/users\/96"}],"replies":[{"embeddable":true,"href":"https:\/\/diarioregionaldigital.com.br\/index.php?rest_route=%2Fwp%2Fv2%2Fcomments&post=95983"}],"version-history":[{"count":0,"href":"https:\/\/diarioregionaldigital.com.br\/index.php?rest_route=\/wp\/v2\/posts\/95983\/revisions"}],"wp:featuredmedia":[{"embeddable":true,"href":"https:\/\/diarioregionaldigital.com.br\/index.php?rest_route=\/wp\/v2\/media\/95982"}],"wp:attachment":[{"href":"https:\/\/diarioregionaldigital.com.br\/index.php?rest_route=%2Fwp%2Fv2%2Fmedia&parent=95983"}],"wp:term":[{"taxonomy":"category","embeddable":true,"href":"https:\/\/diarioregionaldigital.com.br\/index.php?rest_route=%2Fwp%2Fv2%2Fcategories&post=95983"},{"taxonomy":"post_tag","embeddable":true,"href":"https:\/\/diarioregionaldigital.com.br\/index.php?rest_route=%2Fwp%2Fv2%2Ftags&post=95983"}],"curies":[{"name":"wp","href":"https:\/\/api.w.org\/{rel}","templated":true}]}}