{"id":95981,"date":"2018-04-10T19:10:00","date_gmt":"2018-04-10T22:10:00","guid":{"rendered":"http:\/\/diarioregionaljf.com.br\/2018\/04\/10\/fachada-do-pateo-do-collegio-marco-zero-de-sao-paulo-e-pichada\/"},"modified":"2018-04-10T19:10:00","modified_gmt":"2018-04-10T22:10:00","slug":"fachada-do-pateo-do-collegio-marco-zero-de-sao-paulo-e-pichada","status":"publish","type":"post","link":"https:\/\/diarioregionaldigital.com.br\/?p=95981","title":{"rendered":"Fachada do Pateo do Collegio, marco zero de S\u00e3o Paulo, \u00e9 pichada"},"content":{"rendered":"<p>A fachada do Pateo do Collegio, edif\u00edcio que reproduz a escola jesu\u00edta que \u00e9 o marco zero da cidade de S\u00e3o Paulo, amanheceu pichada nessa ter\u00e7a-feira, 10. Foi escrito em letras vermelhas \u201colhai por nois\u201d [sic]. Durante a noite, o local concentra uma grande quantidade de pessoas em situa\u00e7\u00e3o de rua para dormir e tamb\u00e9m receber refei\u00e7\u00f5es de grupos que fazem caridade.<\/p>\n<p>Segundo o prefeito regional da S\u00e9, Eduardo Odloak, a picha\u00e7\u00e3o foi feita durante a madrugada, por duas pessoas, exatamente \u00e0 1h24, conforme registrado pelas c\u00e2meras de seguran\u00e7a. Os pichadores levaram apenas um minuto e meio, de acordo com Odloak para concluir a interven\u00e7\u00e3o, provalemente com o uso de extintores ou um compressor. \u201cUma a\u00e7\u00e3o rel\u00e2mpago\u201d, enfatizou.<\/p>\n<p>No final da manh\u00e3, a prefeitura levou um caminh\u00e3o-pipa para lavar a cal\u00e7ada em frente ao edif\u00edcio que tamb\u00e9m foi manchada pela tinta. \u201cA parede provavelmente vai ter que ser lixada\u201d, acrescentou o prefeito regional sobre as provid\u00eancias que ter\u00e3o de ser tomadas para recuperar a fachada.<\/p>\n<p>O diretor do Pateo do Collegio, padre Carlos Alberto Contieri, disse que o custo de recupera\u00e7\u00e3o da fachada ainda n\u00e3o foi estimado. \u201cOs danos s\u00e3o grandes, vai precisar recuperar toda a fachada, em toda a sua extens\u00e3o, de alto a baixo. N\u00e3o \u00e9 uma recupera\u00e7\u00e3o f\u00e1cil, porque atingiu n\u00e3o s\u00f3 a tinta, mas os azulejos, os vidros e as esquadrias de madeira das janelas\u201d, detalhou.<\/p>\n<p>O religioso ressaltou que esta \u00e9 a primeira vez que a institui\u00e7\u00e3o \u00e9 alvo desse tipo de a\u00e7\u00e3o. \u201c\u00c9 surpreendente para n\u00f3s\u201d, enfatizou.<\/p>\n<p>O complexo hist\u00f3rico do Pateo do Collegio pertence \u00e0 Companhia de Jesus, ordem religiosa cat\u00f3lica fundada em 1540 por Santo In\u00e1cio Loyola. Os jesu\u00edtas chegaram ao Brasil em 1549 com a miss\u00e3o de evangelizar os povos origin\u00e1rios.<\/p>\n<p>Fonte: Ag\u00eancia Brasil<\/p>\n","protected":false},"excerpt":{"rendered":"<p>A fachada do Pateo do Collegio, edif\u00edcio que reproduz a escola jesu\u00edta que \u00e9 o marco zero da cidade de S\u00e3o Paulo, amanheceu pichada nessa ter\u00e7a-feira, 10. Foi escrito em letras vermelhas \u201colhai por nois\u201d [sic]. Durante a noite, o local concentra uma grande quantidade de pessoas em situa\u00e7\u00e3o de rua para dormir e tamb\u00e9m [&hellip;]<\/p>\n","protected":false},"author":96,"featured_media":95980,"comment_status":"closed","ping_status":"closed","sticky":false,"template":"","format":"standard","meta":{"footnotes":""},"categories":[302],"tags":[],"class_list":["post-95981","post","type-post","status-publish","format-standard","has-post-thumbnail","hentry","category-brasil-mundo"],"_links":{"self":[{"href":"https:\/\/diarioregionaldigital.com.br\/index.php?rest_route=\/wp\/v2\/posts\/95981","targetHints":{"allow":["GET"]}}],"collection":[{"href":"https:\/\/diarioregionaldigital.com.br\/index.php?rest_route=\/wp\/v2\/posts"}],"about":[{"href":"https:\/\/diarioregionaldigital.com.br\/index.php?rest_route=\/wp\/v2\/types\/post"}],"author":[{"embeddable":true,"href":"https:\/\/diarioregionaldigital.com.br\/index.php?rest_route=\/wp\/v2\/users\/96"}],"replies":[{"embeddable":true,"href":"https:\/\/diarioregionaldigital.com.br\/index.php?rest_route=%2Fwp%2Fv2%2Fcomments&post=95981"}],"version-history":[{"count":0,"href":"https:\/\/diarioregionaldigital.com.br\/index.php?rest_route=\/wp\/v2\/posts\/95981\/revisions"}],"wp:featuredmedia":[{"embeddable":true,"href":"https:\/\/diarioregionaldigital.com.br\/index.php?rest_route=\/wp\/v2\/media\/95980"}],"wp:attachment":[{"href":"https:\/\/diarioregionaldigital.com.br\/index.php?rest_route=%2Fwp%2Fv2%2Fmedia&parent=95981"}],"wp:term":[{"taxonomy":"category","embeddable":true,"href":"https:\/\/diarioregionaldigital.com.br\/index.php?rest_route=%2Fwp%2Fv2%2Fcategories&post=95981"},{"taxonomy":"post_tag","embeddable":true,"href":"https:\/\/diarioregionaldigital.com.br\/index.php?rest_route=%2Fwp%2Fv2%2Ftags&post=95981"}],"curies":[{"name":"wp","href":"https:\/\/api.w.org\/{rel}","templated":true}]}}