{"id":95979,"date":"2018-04-10T18:54:22","date_gmt":"2018-04-10T21:54:22","guid":{"rendered":"http:\/\/diarioregionaljf.com.br\/2018\/04\/10\/stf-marca-para-dia-17-julgamento-de-denuncia-contra-aecio-neves\/"},"modified":"2018-04-10T18:54:22","modified_gmt":"2018-04-10T21:54:22","slug":"stf-marca-para-dia-17-julgamento-de-denuncia-contra-aecio-neves","status":"publish","type":"post","link":"https:\/\/diarioregionaldigital.com.br\/?p=95979","title":{"rendered":"STF marca para dia 17 julgamento de den\u00fancia contra A\u00e9cio Neves"},"content":{"rendered":"<p>O presidente da Primeira Turma do Supremo Tribunal Federal (STF), ministro Alexandre de Moraes, marcou para o dia 17 deste m\u00eas o julgamento sobre o recebimento da den\u00fancia contra o senador A\u00e9cio Neves (PSDB-MG) em um dos inqu\u00e9ritos resultantes da dela\u00e7\u00e3o do empres\u00e1rio Joesley Batista, da JBS.<\/p>\n<p>O relator do caso \u00e9 o ministro Marco Aur\u00e9lio Mello, que integra a Primeira Turma junto com Moraes, Luiz Fux, Rosa Weber e Lu\u00eds Roberto Barroso.<\/p>\n<p>Segundo a den\u00fancia, apresentada h\u00e1 mais de dez meses, A\u00e9cio solicitou a Joesley Batista, em conversa gravada pela Pol\u00edcia Federal (PF), R$2 milh\u00f5es em propina, em troca de sua atua\u00e7\u00e3o pol\u00edtica. O senador foi acusado pelo ent\u00e3o procurador-geral da Rep\u00fablica, Rodrigo Janot, dos crimes de corrup\u00e7\u00e3o passiva e tentativa de obstruir a Justi\u00e7a.<\/p>\n<p>Ap\u00f3s contesta\u00e7\u00f5es da defesa de A\u00e9cio, a den\u00fancia foi reiterada no fim do m\u00eas passado pela atual procuradora-geral da Rep\u00fablica, Raquel Dodge, para quem a \u201co senador vilipendiou de forma decisiva o escopo de um mandato eletivo e n\u00e3o poupou esfor\u00e7os para, valendo-se do cargo p\u00fablico, atingir seus objetivos esp\u00farios\u201d.<\/p>\n<p>A\u00e9cio Neves j\u00e1 negou diversas vezes qualquer irregularidade no pedido feito a Joesley Batista, alegando que a quantia dizia respeito a um empr\u00e9stimo pessoal, sem nenhuma contrapartida em favor do empres\u00e1rio.<\/p>\n<p>Tamb\u00e9m s\u00e3o alvos da mesma den\u00fancia a irm\u00e3 do senador, Andrea Neves, o primo dele, Frederico Pacheco, e Mendherson Souza Lima, ex-assessor parlamentar do senador Zez\u00e9 Perrella (PMDB-MG) flagrado com dinheiro vivo. Todos foram acusados de corrup\u00e7\u00e3o passiva.<\/p>\n<h4>&nbsp;<\/h4>\n<h4>DEFESA DE A\u00c9CIO<\/h4>\n<p>Em nota divulgada nessa ter\u00e7a-feira, o advogado Alberto Toron, que representa A\u00e9cio Neves, disse que o senador foi &#8220;v\u00edtima de uma situa\u00e7\u00e3o forjada, arquitetada por criminosos confessos que, sob a orienta\u00e7\u00e3o do ent\u00e3o procurador Marcelo Miller, buscavam firmar um acordo de dela\u00e7\u00e3o premiada fant\u00e1stico&#8221;.<\/p>\n<p>Toron fez refer\u00eancia ao ex-procurador da Rep\u00fablica Marcelo Miller, suspeito de ter orientado indevidamente Joesley Batista na negocia\u00e7\u00e3o do acordo de dela\u00e7\u00e3o premiada do empres\u00e1rio.<\/p>\n<p>&#8220;As provas revelam que o empr\u00e9stimo pessoal feito ao senador n\u00e3o envolvia dinheiro p\u00fablico ou, como reconheceu a pr\u00f3pria PGR, qualquer contrapartida. Assim, inexiste crime ou ilegalidade na conduta do senador A\u00e9cio&#8221;, acrescenta o texto escrito pelo advogado.<\/p>\n<p>Fonte: Ag\u00eancia Brasil<\/p>\n","protected":false},"excerpt":{"rendered":"<p>O presidente da Primeira Turma do Supremo Tribunal Federal (STF), ministro Alexandre de Moraes, marcou para o dia 17 deste m\u00eas o julgamento sobre o recebimento da den\u00fancia contra o senador A\u00e9cio Neves (PSDB-MG) em um dos inqu\u00e9ritos resultantes da dela\u00e7\u00e3o do empres\u00e1rio Joesley Batista, da JBS. O relator do caso \u00e9 o ministro Marco [&hellip;]<\/p>\n","protected":false},"author":96,"featured_media":95978,"comment_status":"closed","ping_status":"closed","sticky":false,"template":"","format":"standard","meta":{"footnotes":""},"categories":[254],"tags":[],"class_list":["post-95979","post","type-post","status-publish","format-standard","has-post-thumbnail","hentry","category-politica"],"_links":{"self":[{"href":"https:\/\/diarioregionaldigital.com.br\/index.php?rest_route=\/wp\/v2\/posts\/95979","targetHints":{"allow":["GET"]}}],"collection":[{"href":"https:\/\/diarioregionaldigital.com.br\/index.php?rest_route=\/wp\/v2\/posts"}],"about":[{"href":"https:\/\/diarioregionaldigital.com.br\/index.php?rest_route=\/wp\/v2\/types\/post"}],"author":[{"embeddable":true,"href":"https:\/\/diarioregionaldigital.com.br\/index.php?rest_route=\/wp\/v2\/users\/96"}],"replies":[{"embeddable":true,"href":"https:\/\/diarioregionaldigital.com.br\/index.php?rest_route=%2Fwp%2Fv2%2Fcomments&post=95979"}],"version-history":[{"count":0,"href":"https:\/\/diarioregionaldigital.com.br\/index.php?rest_route=\/wp\/v2\/posts\/95979\/revisions"}],"wp:featuredmedia":[{"embeddable":true,"href":"https:\/\/diarioregionaldigital.com.br\/index.php?rest_route=\/wp\/v2\/media\/95978"}],"wp:attachment":[{"href":"https:\/\/diarioregionaldigital.com.br\/index.php?rest_route=%2Fwp%2Fv2%2Fmedia&parent=95979"}],"wp:term":[{"taxonomy":"category","embeddable":true,"href":"https:\/\/diarioregionaldigital.com.br\/index.php?rest_route=%2Fwp%2Fv2%2Fcategories&post=95979"},{"taxonomy":"post_tag","embeddable":true,"href":"https:\/\/diarioregionaldigital.com.br\/index.php?rest_route=%2Fwp%2Fv2%2Ftags&post=95979"}],"curies":[{"name":"wp","href":"https:\/\/api.w.org\/{rel}","templated":true}]}}