{"id":95977,"date":"2018-04-10T14:19:35","date_gmt":"2018-04-10T17:19:35","guid":{"rendered":"http:\/\/diarioregionaljf.com.br\/2018\/04\/10\/ato-marca-quatro-anos-de-fechamento-dos-atendimentos-de-urgencia-e-emergencia-no-hospital-dr-joao-penido\/"},"modified":"2018-04-10T14:19:35","modified_gmt":"2018-04-10T17:19:35","slug":"ato-marca-quatro-anos-de-fechamento-dos-atendimentos-de-urgencia-e-emergencia-no-hospital-dr-joao-penido","status":"publish","type":"post","link":"https:\/\/diarioregionaldigital.com.br\/?p=95977","title":{"rendered":"\u201cAnivers\u00e1rio\u201d de fechamento de setor do Hospital Jo\u00e3o Penido \u00e9 \u201ccomemorado\u201d com protesto"},"content":{"rendered":"<p>Exatos quatro anos. Este \u00e9 o tempo em que as portas do atendimento de Urg\u00eancia e Emerg\u00eancia do Hospital Jo\u00e3o Penido, localizado no bairro Grama, zona Nordeste, est\u00e3o fechadas. Desde ent\u00e3o, moradores da localidade que precisam de atendimento m\u00e9dico t\u00eam que se deslocar para unidades de sa\u00fade de outras regi\u00f5es. A data foi lembrada por residentes e l\u00edderes comunit\u00e1rios, que se reuniram na frente do hospital, na manh\u00e3 dessa ter\u00e7a-feira, 10, para protestar.<\/p>\n<p>\u201cS\u00e3o quatro anos de espera. Hoje, 70 mil habitantes dependem do atendimento das Unidades B\u00e1sicas de Sa\u00fade (UBS) de outros locais. O problema, \u00e9 que a partir das 17 horas, geralmente elas j\u00e1 est\u00e3o fechadas. A regi\u00e3o tamb\u00e9m n\u00e3o conta com o Servi\u00e7o de Atendimento M\u00f3vel de Urg\u00eancia (Samu) e quando acontece algum incidente, uma ambul\u00e2ncia precisa se deslocar de outras regi\u00f5es e, em alguns casos, chega a demorar mais de uma hora\u201d, afirmou o conselheiro tutelar e membro da comiss\u00e3o de moradores da regi\u00e3o Nordeste formada para acompanhar a situa\u00e7\u00e3o, Laurindo Rodrigues.<\/p>\n<p><a href=\"cidade\/20681-reabertura-do-setor-de-urgencia-do-joao-penido-e-tema-de-audiencia-publica\">A reabertura do setor foi tema de audi\u00eancia p\u00fablica realizada na C\u00e2mara municipal, em outubro do ano passado<\/a>. Na ocasi\u00e3o, os parlamentares disseram que iriam acompanhar as negocia\u00e7\u00f5es entre a Prefeitura, que deixou claro o desejo de retomar os atendimentos e a Funda\u00e7\u00e3o Hospitalar do Estado de Minas Gerais (Fhemig), que administra o hospital. Uma comiss\u00e3o que conta com a participa\u00e7\u00e3o de moradores foi formada. O vereador Marlon Siqueira (MDB) chegou a dizer ainda que encaminharia um of\u00edcio ao Cons\u00f3rcio Intermunicipal de Sa\u00fade da Regi\u00e3o Sudeste (Cisdeste), solicitando a cria\u00e7\u00e3o de um posto m\u00f3vel do Samu para atender a popula\u00e7\u00e3o da Zona Nordeste at\u00e9 que os atendimentos no Jo\u00e3o Penido fossem restabelecidos.<\/p>\n<p>As negocia\u00e7\u00f5es tiveram in\u00edcio ainda no final de 2017. <a href=\"cidade\/22421-direcao-do-hospital-joao-penido-avalia-proposta-da-pjf-para-abertura-de-porta-de-urgencia-e-emergencia\">O incentivo financeiro no valor de R$150 mil mensais, a ser detalhado em planilha, foi ofertado pela Prefeitura<\/a>, em dezembro, para viabilizar a abertura das portas. O recurso foi tr\u00eas vezes maior que o apresentado pelo Executivo ao hospital na primeira rodada de negocia\u00e7\u00f5es. Entretanto, n\u00e3o foi suficiente para convencer a dire\u00e7\u00e3o do hospital, que afirmou que era necess\u00e1rio o investimento de R$1 milh\u00e3o mensal para reabrir a Urg\u00eancia e Emerg\u00eancia. \u201c\u00c9 um valor fora da realidade do munic\u00edpio, que dificulta as negocia\u00e7\u00f5es\u201d, disse o conselheiro tutelar. \u201cAl\u00e9m disso, tem a quest\u00e3o do Samu. O Cisdeste precisava de garagem e sala para acomodar os profissionais, mas isso tamb\u00e9m foi negado pela dire\u00e7\u00e3o do hospital\u201d, acrescentou Rodrigues.<\/p>\n<p>Ainda segundo ele, no dia 2 deste m\u00eas, o Conselho Tutelar Leste de Juiz de Fora, que atende a regi\u00e3o, encaminhou um of\u00edcio ao governador do estado, Fernando Pimentel (PT) detalhando a situa\u00e7\u00e3o do hospital. \u201cPrecisamos de uma for\u00e7a superior para retomar os atendimentos\u201d.<\/p>\n<p>POSICIONAMENTO DOS \u00d3RG\u00c3OS P\u00daBLICOS<\/p>\n<p>Em nota, a Fhemig informou que o hospital est\u00e1 em pleno funcionamento dos servi\u00e7os que hoje s\u00e3o contratualizados com o munic\u00edpio, \u201cincluindo interna\u00e7\u00f5es adulto e infantil, cirurgias, ambulat\u00f3rio que realiza cerca de 2.500 consultas\/m\u00eas reguladas pelo munic\u00edpio, centro de reabilita\u00e7\u00e3o, maternidade 24h \u2013 que \u00e9 refer\u00eancia para gesta\u00e7\u00e3o de alto risco, laborat\u00f3rio, exames de imagem (ultrassom, raio x, ecocardiograma e tomografias), entre outros\u201d.<\/p>\n<p>De acordo com a funda\u00e7\u00e3o, a abertura de servi\u00e7o de porta generalista 24h demandaria uma estrutura de equipamentos, materiais e recursos humanos n\u00e3o dispon\u00edveis no momento. \u201cExistem limita\u00e7\u00f5es impostas pela Lei de Responsabilidade Fiscal, que impedem novas contrata\u00e7\u00f5es. Al\u00e9m disso, a proposta de repasse de recursos feita pela Prefeitura de Juiz de Fora foi considerada invi\u00e1vel pelo corpo t\u00e9cnico do hospital, diante dos servi\u00e7os que ser\u00e3o demandados\u201d.<\/p>\n<p>A Fhemig destacou ainda que o munic\u00edpio de Juiz de Fora tem a gest\u00e3o plena do SUS, e que cabe \u00e0 Prefeitura buscar meios para a organiza\u00e7\u00e3o da rede de Aten\u00e7\u00e3o B\u00e1sica e efetiva\u00e7\u00e3o dos servi\u00e7os de pleno atendimento \u00e0s urg\u00eancias e emerg\u00eancias. \u201cEntendemos a necessidade da popula\u00e7\u00e3o, que est\u00e1 carente desse tipo de atendimento, uma vez que a regi\u00e3o nordeste de Juiz de Fora n\u00e3o \u00e9 coberta por uma UPA (Unidade de Pronto Atendimento). Por isso, com intuito de colaborar, foi oferecido espa\u00e7o f\u00edsico do Hospital Regional Jo\u00e3o Penido para que a gest\u00e3o municipal implantasse o devido atendimento \u00e0 popula\u00e7\u00e3o, contanto que a presta\u00e7\u00e3o de servi\u00e7o fosse gerida pelo munic\u00edpio, com pessoal e estrutura pr\u00f3prios.<\/p>\n<p>Tamb\u00e9m por meio de nota, a assessoria da Secretaria de Sa\u00fade municipal esclareceu que se reuniu com a equipe do hospital para iniciar os estudos de redimensionamento das necessidades de pessoal, equipamentos, insumos e medicamentos. A pasta ressaltou tamb\u00e9m que \u201cn\u00e3o foi informada oficialmente sobre a disponibilidade de espa\u00e7o pelo Hospital Jo\u00e3o Penido\u201d, e que popula\u00e7\u00e3o pode procurar qualquer Unidade de Pronto Atendimento (UPA), o Hospital de Pronto Socorro (HPS) e a Regional Leste para atendimento.<\/p>\n","protected":false},"excerpt":{"rendered":"<p>Exatos quatro anos. Este \u00e9 o tempo em que as portas do atendimento de Urg\u00eancia e Emerg\u00eancia do Hospital Jo\u00e3o Penido, localizado no bairro Grama, zona Nordeste, est\u00e3o fechadas. Desde ent\u00e3o, moradores da localidade que precisam de atendimento m\u00e9dico t\u00eam que se deslocar para unidades de sa\u00fade de outras regi\u00f5es. A data foi lembrada por [&hellip;]<\/p>\n","protected":false},"author":96,"featured_media":95976,"comment_status":"closed","ping_status":"closed","sticky":false,"template":"","format":"standard","meta":{"footnotes":""},"categories":[253],"tags":[],"class_list":["post-95977","post","type-post","status-publish","format-standard","has-post-thumbnail","hentry","category-cidade"],"_links":{"self":[{"href":"https:\/\/diarioregionaldigital.com.br\/index.php?rest_route=\/wp\/v2\/posts\/95977","targetHints":{"allow":["GET"]}}],"collection":[{"href":"https:\/\/diarioregionaldigital.com.br\/index.php?rest_route=\/wp\/v2\/posts"}],"about":[{"href":"https:\/\/diarioregionaldigital.com.br\/index.php?rest_route=\/wp\/v2\/types\/post"}],"author":[{"embeddable":true,"href":"https:\/\/diarioregionaldigital.com.br\/index.php?rest_route=\/wp\/v2\/users\/96"}],"replies":[{"embeddable":true,"href":"https:\/\/diarioregionaldigital.com.br\/index.php?rest_route=%2Fwp%2Fv2%2Fcomments&post=95977"}],"version-history":[{"count":0,"href":"https:\/\/diarioregionaldigital.com.br\/index.php?rest_route=\/wp\/v2\/posts\/95977\/revisions"}],"wp:featuredmedia":[{"embeddable":true,"href":"https:\/\/diarioregionaldigital.com.br\/index.php?rest_route=\/wp\/v2\/media\/95976"}],"wp:attachment":[{"href":"https:\/\/diarioregionaldigital.com.br\/index.php?rest_route=%2Fwp%2Fv2%2Fmedia&parent=95977"}],"wp:term":[{"taxonomy":"category","embeddable":true,"href":"https:\/\/diarioregionaldigital.com.br\/index.php?rest_route=%2Fwp%2Fv2%2Fcategories&post=95977"},{"taxonomy":"post_tag","embeddable":true,"href":"https:\/\/diarioregionaldigital.com.br\/index.php?rest_route=%2Fwp%2Fv2%2Ftags&post=95977"}],"curies":[{"name":"wp","href":"https:\/\/api.w.org\/{rel}","templated":true}]}}