{"id":95969,"date":"2018-04-10T12:32:45","date_gmt":"2018-04-10T15:32:45","guid":{"rendered":"http:\/\/diarioregionaljf.com.br\/2018\/04\/10\/brasil-diz-na-onu-que-migracoes-representam-riqueza-e-diversidade\/"},"modified":"2018-04-10T12:32:45","modified_gmt":"2018-04-10T15:32:45","slug":"brasil-diz-na-onu-que-migracoes-representam-riqueza-e-diversidade","status":"publish","type":"post","link":"https:\/\/diarioregionaldigital.com.br\/?p=95969","title":{"rendered":"Brasil diz na ONU que migra\u00e7\u00f5es representam riqueza e diversidade"},"content":{"rendered":"<p>O representante brasileiro na 51\u00aa Sess\u00e3o da Comiss\u00e3o sobre Popula\u00e7\u00e3o e Desenvolvimento das Na\u00e7\u00f5es Unidas, realizada nessa segunda-feira, 9, na sede da ONU em Nova York, defendeu o acolhimento a migrantes como um fator promotor de riqueza e diversidade. A reuni\u00e3o, que analisa as tend\u00eancias de crescimento populacional e desenvolvimento em todo o mundo, al\u00e9m de integra\u00e7\u00e3o, deve terminar na sexta-feira. A informa\u00e7\u00e3o \u00e9 da ONU News;<\/p>\n<p>Em seu discurso sob o tema Cidades Sustent\u00e1veis, Mobilidade Humana e Migra\u00e7\u00e3o Internacional, o secret\u00e1rio especial de Assuntos Estrat\u00e9gicos da Presid\u00eancia da Rep\u00fablica, Hussein Kalout, destacou que o Brasil \u201ctem uma matriz social composta por uma l\u00f3gica migrat\u00f3ria que abarca diversos imigrantes de todos os lugares do mundo. Essa \u00e9 a nossa for\u00e7a. \u00c9 a for\u00e7a da nossa na\u00e7\u00e3o. \u00c9 caracter\u00edstica do Brasil a integra\u00e7\u00e3o e a coes\u00e3o, e o respeito \u00e0s diferen\u00e7as e aos direitos humanos\u201d<\/p>\n<p>Segundo Kalout, em depoimento \u00e0 ONU News, \u201ca mensagem do Estado brasileiro nesta confer\u00eancia, \u00e9 pela toler\u00e2ncia e pelo respeito \u00e0s diferen\u00e7as. Sobretudo no que diz respeito ao problema imigrat\u00f3rio. Em muitos pa\u00edses isso \u00e9 visto como um problema, enquanto n\u00f3s (Brasil) vimos isso como uma das fortalezas do nosso desenvolvimento socioecon\u00f4mico\u201d.<\/p>\n<p>Ele destacou que, recentemente, o governo brasileiro apresentou uma das mais modernas legisla\u00e7\u00f5es sobre migrantes, oferecendo aos mesmos in\u00fameros direitos que em outros pa\u00edses n\u00e3o s\u00e3o t\u00e3o flex\u00edveis. Como o acesso \u00e0 sa\u00fade, acesso \u00e0 educa\u00e7\u00e3o e a bens. \u201cNa nossa percep\u00e7\u00e3o o imigrante n\u00e3o pode ser tratado de uma forma discriminat\u00f3ria. Por essas raz\u00f5es a nossa mensagem \u00e9 sobretudo num mundo, cada vez mais globalizado, tratar essa tem\u00e1tica com mais humanismo em conformidade com as leis internacionais,\u201d falou.<\/p>\n<h4>ECOSOC<\/h4>\n<p>A Comiss\u00e3o sobre Popula\u00e7\u00e3o das Na\u00e7\u00f5es Unidas foi estabelecida pelo Conselho Econ\u00f4mico e Social da ONU (Ecosoc) em outubro de 1946. Em 1994, a Assembleia Geral decidiu que o nome deveria mudar para Comiss\u00e3o sobre Popula\u00e7\u00e3o e Desenvolvimento.<\/p>\n<p>Fonte: Ag\u00eancia Brasil<\/p>\n","protected":false},"excerpt":{"rendered":"<p>O representante brasileiro na 51\u00aa Sess\u00e3o da Comiss\u00e3o sobre Popula\u00e7\u00e3o e Desenvolvimento das Na\u00e7\u00f5es Unidas, realizada nessa segunda-feira, 9, na sede da ONU em Nova York, defendeu o acolhimento a migrantes como um fator promotor de riqueza e diversidade. A reuni\u00e3o, que analisa as tend\u00eancias de crescimento populacional e desenvolvimento em todo o mundo, al\u00e9m [&hellip;]<\/p>\n","protected":false},"author":96,"featured_media":95968,"comment_status":"closed","ping_status":"closed","sticky":false,"template":"","format":"standard","meta":{"footnotes":""},"categories":[302],"tags":[],"class_list":["post-95969","post","type-post","status-publish","format-standard","has-post-thumbnail","hentry","category-brasil-mundo"],"_links":{"self":[{"href":"https:\/\/diarioregionaldigital.com.br\/index.php?rest_route=\/wp\/v2\/posts\/95969","targetHints":{"allow":["GET"]}}],"collection":[{"href":"https:\/\/diarioregionaldigital.com.br\/index.php?rest_route=\/wp\/v2\/posts"}],"about":[{"href":"https:\/\/diarioregionaldigital.com.br\/index.php?rest_route=\/wp\/v2\/types\/post"}],"author":[{"embeddable":true,"href":"https:\/\/diarioregionaldigital.com.br\/index.php?rest_route=\/wp\/v2\/users\/96"}],"replies":[{"embeddable":true,"href":"https:\/\/diarioregionaldigital.com.br\/index.php?rest_route=%2Fwp%2Fv2%2Fcomments&post=95969"}],"version-history":[{"count":0,"href":"https:\/\/diarioregionaldigital.com.br\/index.php?rest_route=\/wp\/v2\/posts\/95969\/revisions"}],"wp:featuredmedia":[{"embeddable":true,"href":"https:\/\/diarioregionaldigital.com.br\/index.php?rest_route=\/wp\/v2\/media\/95968"}],"wp:attachment":[{"href":"https:\/\/diarioregionaldigital.com.br\/index.php?rest_route=%2Fwp%2Fv2%2Fmedia&parent=95969"}],"wp:term":[{"taxonomy":"category","embeddable":true,"href":"https:\/\/diarioregionaldigital.com.br\/index.php?rest_route=%2Fwp%2Fv2%2Fcategories&post=95969"},{"taxonomy":"post_tag","embeddable":true,"href":"https:\/\/diarioregionaldigital.com.br\/index.php?rest_route=%2Fwp%2Fv2%2Ftags&post=95969"}],"curies":[{"name":"wp","href":"https:\/\/api.w.org\/{rel}","templated":true}]}}