{"id":95965,"date":"2018-04-10T12:17:21","date_gmt":"2018-04-10T15:17:21","guid":{"rendered":"http:\/\/diarioregionaljf.com.br\/2018\/04\/10\/terremoto-de-4-6-pontos-na-escala-richter-atinge-a-italia\/"},"modified":"2018-04-10T12:17:21","modified_gmt":"2018-04-10T15:17:21","slug":"terremoto-de-4-6-pontos-na-escala-richter-atinge-a-italia","status":"publish","type":"post","link":"https:\/\/diarioregionaldigital.com.br\/?p=95965","title":{"rendered":"Terremoto de 4,6 pontos na escala Richter atinge a It\u00e1lia"},"content":{"rendered":"<p>Um terremoto de 4,6 pontos na escala Richter atingiu nesta ter\u00e7a-feira, 10, a It\u00e1lia. O epicentro foi a 2km da cidade de Muccia, na prov\u00edncia de Macerata, zona central do pa\u00eds. A regi\u00e3o costuma acusar grande atividade s\u00edsmica.<\/p>\n<p>O abalo aconteceu \u00e0s 5h11 (hor\u00e1rio local). O Instituto Nacional de Geof\u00edsica e Vulcanologia italiano registrou mais de 20 r\u00e9plicas do tremor, sentido em diversas cidades pr\u00f3ximas.<\/p>\n<p>Escolas e linhas de trem foram fechadas por precau\u00e7\u00e3o. N\u00e3o h\u00e1 informa\u00e7\u00f5es, at\u00e9 o momento, de danos graves ou feridos.<\/p>\n<p>Fonte: Ag\u00eancia Brasil<\/p>\n","protected":false},"excerpt":{"rendered":"<p>Um terremoto de 4,6 pontos na escala Richter atingiu nesta ter\u00e7a-feira, 10, a It\u00e1lia. O epicentro foi a 2km da cidade de Muccia, na prov\u00edncia de Macerata, zona central do pa\u00eds. A regi\u00e3o costuma acusar grande atividade s\u00edsmica. O abalo aconteceu \u00e0s 5h11 (hor\u00e1rio local). O Instituto Nacional de Geof\u00edsica e Vulcanologia italiano registrou mais [&hellip;]<\/p>\n","protected":false},"author":96,"featured_media":95895,"comment_status":"closed","ping_status":"closed","sticky":false,"template":"","format":"standard","meta":{"footnotes":""},"categories":[302],"tags":[],"class_list":["post-95965","post","type-post","status-publish","format-standard","has-post-thumbnail","hentry","category-brasil-mundo"],"_links":{"self":[{"href":"https:\/\/diarioregionaldigital.com.br\/index.php?rest_route=\/wp\/v2\/posts\/95965","targetHints":{"allow":["GET"]}}],"collection":[{"href":"https:\/\/diarioregionaldigital.com.br\/index.php?rest_route=\/wp\/v2\/posts"}],"about":[{"href":"https:\/\/diarioregionaldigital.com.br\/index.php?rest_route=\/wp\/v2\/types\/post"}],"author":[{"embeddable":true,"href":"https:\/\/diarioregionaldigital.com.br\/index.php?rest_route=\/wp\/v2\/users\/96"}],"replies":[{"embeddable":true,"href":"https:\/\/diarioregionaldigital.com.br\/index.php?rest_route=%2Fwp%2Fv2%2Fcomments&post=95965"}],"version-history":[{"count":0,"href":"https:\/\/diarioregionaldigital.com.br\/index.php?rest_route=\/wp\/v2\/posts\/95965\/revisions"}],"wp:featuredmedia":[{"embeddable":true,"href":"https:\/\/diarioregionaldigital.com.br\/index.php?rest_route=\/wp\/v2\/media\/95895"}],"wp:attachment":[{"href":"https:\/\/diarioregionaldigital.com.br\/index.php?rest_route=%2Fwp%2Fv2%2Fmedia&parent=95965"}],"wp:term":[{"taxonomy":"category","embeddable":true,"href":"https:\/\/diarioregionaldigital.com.br\/index.php?rest_route=%2Fwp%2Fv2%2Fcategories&post=95965"},{"taxonomy":"post_tag","embeddable":true,"href":"https:\/\/diarioregionaldigital.com.br\/index.php?rest_route=%2Fwp%2Fv2%2Ftags&post=95965"}],"curies":[{"name":"wp","href":"https:\/\/api.w.org\/{rel}","templated":true}]}}