{"id":95964,"date":"2018-04-10T11:51:59","date_gmt":"2018-04-10T14:51:59","guid":{"rendered":"http:\/\/diarioregionaljf.com.br\/2018\/04\/10\/temer-da-posse-hoje-a-nove-ministros\/"},"modified":"2018-04-10T11:51:59","modified_gmt":"2018-04-10T14:51:59","slug":"temer-da-posse-hoje-a-nove-ministros","status":"publish","type":"post","link":"https:\/\/diarioregionaldigital.com.br\/?p=95964","title":{"rendered":"Temer d\u00e1 posse hoje a nove ministros"},"content":{"rendered":"<p>O presidente Michel Temer dar\u00e1 posse nesta ter\u00e7a-feira, 10, a nove ministros, no Pal\u00e1cio do Planalto. A reforma ministerial foi necess\u00e1ria, j\u00e1 que os ministros que pretendem disputar as elei\u00e7\u00f5es deste ano precisavam deixar o governo, na chamada desincompatibiliza\u00e7\u00e3o. A posse coletiva ocorrer\u00e1 \u00e0s 15h.<\/p>\n<p>Tomam posse Eduardo Guardia (Fazenda), Rossieli Soares da Silva (Educa\u00e7\u00e3o), Alberto Beltrame (Desenvolvimento Social), Marcos Jorge (Ind\u00fastria, Com\u00e9rcio Exterior e Servi\u00e7os), Esteves Colnago (Planejamento), Leandro Cruz Fr\u00f3es da Silva (Esporte), Vinicius Lummertz (Turismo), Ant\u00f4nio de P\u00e1dua de Deus (Integra\u00e7\u00e3o Nacional) e Moreira Franco (Minas e Energia).<\/p>\n<p>Dyogo Oliveira, que deixou o Minist\u00e9rio do Planejamento para assumir o BNDES, e Moreira Franco s\u00e3o os \u00fanicos que deixaram o minist\u00e9rio mas que continuam no governo. Temer, no entanto, ainda n\u00e3o definiu quem ocupar\u00e1 a Secretaria-Geral da Presid\u00eancia da Rep\u00fablica no lugar de Moreira Franco.<\/p>\n<p>A maioria dos ex-ministros retoma os mandatos na C\u00e2mara dos Deputados e concorrer\u00e1 \u00e0 reelei\u00e7\u00e3o para o cargo, mas alguns decidiram, pela primeira vez, buscar uma vaga no Senado, que desta vez ter\u00e1 renova\u00e7\u00e3o de dois ter\u00e7os dos parlamentares, cujo mandato \u00e9 de oito anos.<\/p>\n<p>Fonte: Ag\u00eancia Brasil<\/p>\n","protected":false},"excerpt":{"rendered":"<p>O presidente Michel Temer dar\u00e1 posse nesta ter\u00e7a-feira, 10, a nove ministros, no Pal\u00e1cio do Planalto. A reforma ministerial foi necess\u00e1ria, j\u00e1 que os ministros que pretendem disputar as elei\u00e7\u00f5es deste ano precisavam deixar o governo, na chamada desincompatibiliza\u00e7\u00e3o. A posse coletiva ocorrer\u00e1 \u00e0s 15h. Tomam posse Eduardo Guardia (Fazenda), Rossieli Soares da Silva (Educa\u00e7\u00e3o), [&hellip;]<\/p>\n","protected":false},"author":96,"featured_media":95963,"comment_status":"closed","ping_status":"closed","sticky":false,"template":"","format":"standard","meta":{"footnotes":""},"categories":[254],"tags":[],"class_list":["post-95964","post","type-post","status-publish","format-standard","has-post-thumbnail","hentry","category-politica"],"_links":{"self":[{"href":"https:\/\/diarioregionaldigital.com.br\/index.php?rest_route=\/wp\/v2\/posts\/95964","targetHints":{"allow":["GET"]}}],"collection":[{"href":"https:\/\/diarioregionaldigital.com.br\/index.php?rest_route=\/wp\/v2\/posts"}],"about":[{"href":"https:\/\/diarioregionaldigital.com.br\/index.php?rest_route=\/wp\/v2\/types\/post"}],"author":[{"embeddable":true,"href":"https:\/\/diarioregionaldigital.com.br\/index.php?rest_route=\/wp\/v2\/users\/96"}],"replies":[{"embeddable":true,"href":"https:\/\/diarioregionaldigital.com.br\/index.php?rest_route=%2Fwp%2Fv2%2Fcomments&post=95964"}],"version-history":[{"count":0,"href":"https:\/\/diarioregionaldigital.com.br\/index.php?rest_route=\/wp\/v2\/posts\/95964\/revisions"}],"wp:featuredmedia":[{"embeddable":true,"href":"https:\/\/diarioregionaldigital.com.br\/index.php?rest_route=\/wp\/v2\/media\/95963"}],"wp:attachment":[{"href":"https:\/\/diarioregionaldigital.com.br\/index.php?rest_route=%2Fwp%2Fv2%2Fmedia&parent=95964"}],"wp:term":[{"taxonomy":"category","embeddable":true,"href":"https:\/\/diarioregionaldigital.com.br\/index.php?rest_route=%2Fwp%2Fv2%2Fcategories&post=95964"},{"taxonomy":"post_tag","embeddable":true,"href":"https:\/\/diarioregionaldigital.com.br\/index.php?rest_route=%2Fwp%2Fv2%2Ftags&post=95964"}],"curies":[{"name":"wp","href":"https:\/\/api.w.org\/{rel}","templated":true}]}}