{"id":95960,"date":"2018-04-10T11:46:22","date_gmt":"2018-04-10T14:46:22","guid":{"rendered":"http:\/\/diarioregionaljf.com.br\/2018\/04\/10\/jovens-sao-assaltadas-por-homem-armado-no-sao-mateus\/"},"modified":"2018-04-10T11:46:22","modified_gmt":"2018-04-10T14:46:22","slug":"jovens-sao-assaltadas-por-homem-armado-no-sao-mateus","status":"publish","type":"post","link":"https:\/\/diarioregionaldigital.com.br\/?p=95960","title":{"rendered":"Jovens s\u00e3o assaltadas por homem armado no S\u00e3o Mateus"},"content":{"rendered":"<p>Tr\u00eas jovens, de 19, 20 e 23 anos, foram assaltadas por um indiv\u00edduo armado com um rev\u00f3lver no bairro S\u00e3o Mateus, regi\u00e3o central, na noite dessa segunda-feira, 9.<\/p>\n<p>As v\u00edtimas relataram \u00e0 Pol\u00edcia Militar (PM) que passavam pela Rua S\u00e3o Mateus quando foram abordadas pelo autor, que roubou dois telefones celulares e os documentos de uma delas. Ap\u00f3s o crime, o assaltante fugiu em rumo ignorado.<\/p>\n","protected":false},"excerpt":{"rendered":"<p>Tr\u00eas jovens, de 19, 20 e 23 anos, foram assaltadas por um indiv\u00edduo armado com um rev\u00f3lver no bairro S\u00e3o Mateus, regi\u00e3o central, na noite dessa segunda-feira, 9. As v\u00edtimas relataram \u00e0 Pol\u00edcia Militar (PM) que passavam pela Rua S\u00e3o Mateus quando foram abordadas pelo autor, que roubou dois telefones celulares e os documentos de [&hellip;]<\/p>\n","protected":false},"author":96,"featured_media":95836,"comment_status":"closed","ping_status":"closed","sticky":false,"template":"","format":"standard","meta":{"footnotes":""},"categories":[301],"tags":[],"class_list":["post-95960","post","type-post","status-publish","format-standard","has-post-thumbnail","hentry","category-artigos-policiais"],"_links":{"self":[{"href":"https:\/\/diarioregionaldigital.com.br\/index.php?rest_route=\/wp\/v2\/posts\/95960","targetHints":{"allow":["GET"]}}],"collection":[{"href":"https:\/\/diarioregionaldigital.com.br\/index.php?rest_route=\/wp\/v2\/posts"}],"about":[{"href":"https:\/\/diarioregionaldigital.com.br\/index.php?rest_route=\/wp\/v2\/types\/post"}],"author":[{"embeddable":true,"href":"https:\/\/diarioregionaldigital.com.br\/index.php?rest_route=\/wp\/v2\/users\/96"}],"replies":[{"embeddable":true,"href":"https:\/\/diarioregionaldigital.com.br\/index.php?rest_route=%2Fwp%2Fv2%2Fcomments&post=95960"}],"version-history":[{"count":0,"href":"https:\/\/diarioregionaldigital.com.br\/index.php?rest_route=\/wp\/v2\/posts\/95960\/revisions"}],"wp:featuredmedia":[{"embeddable":true,"href":"https:\/\/diarioregionaldigital.com.br\/index.php?rest_route=\/wp\/v2\/media\/95836"}],"wp:attachment":[{"href":"https:\/\/diarioregionaldigital.com.br\/index.php?rest_route=%2Fwp%2Fv2%2Fmedia&parent=95960"}],"wp:term":[{"taxonomy":"category","embeddable":true,"href":"https:\/\/diarioregionaldigital.com.br\/index.php?rest_route=%2Fwp%2Fv2%2Fcategories&post=95960"},{"taxonomy":"post_tag","embeddable":true,"href":"https:\/\/diarioregionaldigital.com.br\/index.php?rest_route=%2Fwp%2Fv2%2Ftags&post=95960"}],"curies":[{"name":"wp","href":"https:\/\/api.w.org\/{rel}","templated":true}]}}