{"id":95957,"date":"2018-04-10T11:33:30","date_gmt":"2018-04-10T14:33:30","guid":{"rendered":"http:\/\/diarioregionaljf.com.br\/2018\/04\/10\/idosa-e-estuprada-durante-assalto-a-residencia-no-grama\/"},"modified":"2018-04-10T11:33:30","modified_gmt":"2018-04-10T14:33:30","slug":"idosa-e-estuprada-durante-assalto-a-residencia-no-grama","status":"publish","type":"post","link":"https:\/\/diarioregionaldigital.com.br\/?p=95957","title":{"rendered":"Idosa \u00e9 estuprada durante assalto \u00e0 resid\u00eancia no Grama"},"content":{"rendered":"<p>Uma idosa de 77 anos foi estuprada durante assalto \u00e0 sua resid\u00eancia no bairro Grama, zona Nordeste de Juiz de Fora, na madrugada desta ter\u00e7a-feira, 10.<\/p>\n<p>V\u00edtima relatou \u00e0 Pol\u00edcia Militar (PM) que estava em casa quando foi surpreendida por um indiv\u00edduo armado com uma faca. O autor amea\u00e7ou e machucou a idosa, al\u00e9m de obrig\u00e1-la a manter rela\u00e7\u00f5es sexuais com ele. Ap\u00f3s o crime, o assaltante fugiu em rumo ignorado, levando cerca de R$100 em dinheiro.<\/p>\n<p>V\u00edtima foi encaminhada ao Hospital de Pronto Socorro (HPS), onde foi atendida e submetida a avalia\u00e7\u00e3o m\u00e9dica, ficando constatado o crime de estupro.<\/p>\n","protected":false},"excerpt":{"rendered":"<p>Uma idosa de 77 anos foi estuprada durante assalto \u00e0 sua resid\u00eancia no bairro Grama, zona Nordeste de Juiz de Fora, na madrugada desta ter\u00e7a-feira, 10. V\u00edtima relatou \u00e0 Pol\u00edcia Militar (PM) que estava em casa quando foi surpreendida por um indiv\u00edduo armado com uma faca. O autor amea\u00e7ou e machucou a idosa, al\u00e9m de [&hellip;]<\/p>\n","protected":false},"author":96,"featured_media":95836,"comment_status":"closed","ping_status":"closed","sticky":false,"template":"","format":"standard","meta":{"footnotes":""},"categories":[301],"tags":[],"class_list":["post-95957","post","type-post","status-publish","format-standard","has-post-thumbnail","hentry","category-artigos-policiais"],"_links":{"self":[{"href":"https:\/\/diarioregionaldigital.com.br\/index.php?rest_route=\/wp\/v2\/posts\/95957","targetHints":{"allow":["GET"]}}],"collection":[{"href":"https:\/\/diarioregionaldigital.com.br\/index.php?rest_route=\/wp\/v2\/posts"}],"about":[{"href":"https:\/\/diarioregionaldigital.com.br\/index.php?rest_route=\/wp\/v2\/types\/post"}],"author":[{"embeddable":true,"href":"https:\/\/diarioregionaldigital.com.br\/index.php?rest_route=\/wp\/v2\/users\/96"}],"replies":[{"embeddable":true,"href":"https:\/\/diarioregionaldigital.com.br\/index.php?rest_route=%2Fwp%2Fv2%2Fcomments&post=95957"}],"version-history":[{"count":0,"href":"https:\/\/diarioregionaldigital.com.br\/index.php?rest_route=\/wp\/v2\/posts\/95957\/revisions"}],"wp:featuredmedia":[{"embeddable":true,"href":"https:\/\/diarioregionaldigital.com.br\/index.php?rest_route=\/wp\/v2\/media\/95836"}],"wp:attachment":[{"href":"https:\/\/diarioregionaldigital.com.br\/index.php?rest_route=%2Fwp%2Fv2%2Fmedia&parent=95957"}],"wp:term":[{"taxonomy":"category","embeddable":true,"href":"https:\/\/diarioregionaldigital.com.br\/index.php?rest_route=%2Fwp%2Fv2%2Fcategories&post=95957"},{"taxonomy":"post_tag","embeddable":true,"href":"https:\/\/diarioregionaldigital.com.br\/index.php?rest_route=%2Fwp%2Fv2%2Ftags&post=95957"}],"curies":[{"name":"wp","href":"https:\/\/api.w.org\/{rel}","templated":true}]}}