{"id":95956,"date":"2018-04-10T11:10:16","date_gmt":"2018-04-10T14:10:16","guid":{"rendered":"http:\/\/diarioregionaljf.com.br\/2018\/04\/10\/homem-e-alvejado-por-tiros-em-tentativa-de-homicidio-no-furtado-de-menezes\/"},"modified":"2018-04-10T11:10:16","modified_gmt":"2018-04-10T14:10:16","slug":"homem-e-alvejado-por-tiros-em-tentativa-de-homicidio-no-furtado-de-menezes","status":"publish","type":"post","link":"https:\/\/diarioregionaldigital.com.br\/?p=95956","title":{"rendered":"Homem \u00e9 alvejado por tiros em tentativa de homic\u00eddio no Furtado de Menezes"},"content":{"rendered":"<p>Um homem de 25 anos foi alvejado com cinco tiros durante tentativa de homic\u00eddio no bairro Furtado de Menezes, regi\u00e3o Sudeste da cidade, no final da tarde dessa segunda-feira, 9.<\/p>\n<p>Segundo o Boletim de Ocorr\u00eancia (BO) da Pol\u00edcia Militar (PM), a v\u00edtima realiza tr\u00e1fico de drogas e teria sido mandante de um homic\u00eddio. O homem, que n\u00e3o informou a autoria e nem a motiva\u00e7\u00e3o dos disparos, foi atingido por cinco tiros, sendo um na nuca, dois nas costas e dois na face. Ele foi socorrido pelo Servi\u00e7o de Atendimento M\u00f3vel de Urg\u00eancia (SAMU) e encaminhado ao Hospital de Pronto Socorro (HPS). N\u00e3o foram repassadas maiores informa\u00e7\u00f5es sobre seu estado de sa\u00fade.<\/p>\n","protected":false},"excerpt":{"rendered":"<p>Um homem de 25 anos foi alvejado com cinco tiros durante tentativa de homic\u00eddio no bairro Furtado de Menezes, regi\u00e3o Sudeste da cidade, no final da tarde dessa segunda-feira, 9. Segundo o Boletim de Ocorr\u00eancia (BO) da Pol\u00edcia Militar (PM), a v\u00edtima realiza tr\u00e1fico de drogas e teria sido mandante de um homic\u00eddio. O homem, [&hellip;]<\/p>\n","protected":false},"author":96,"featured_media":95836,"comment_status":"closed","ping_status":"closed","sticky":false,"template":"","format":"standard","meta":{"footnotes":""},"categories":[301],"tags":[],"class_list":["post-95956","post","type-post","status-publish","format-standard","has-post-thumbnail","hentry","category-artigos-policiais"],"_links":{"self":[{"href":"https:\/\/diarioregionaldigital.com.br\/index.php?rest_route=\/wp\/v2\/posts\/95956","targetHints":{"allow":["GET"]}}],"collection":[{"href":"https:\/\/diarioregionaldigital.com.br\/index.php?rest_route=\/wp\/v2\/posts"}],"about":[{"href":"https:\/\/diarioregionaldigital.com.br\/index.php?rest_route=\/wp\/v2\/types\/post"}],"author":[{"embeddable":true,"href":"https:\/\/diarioregionaldigital.com.br\/index.php?rest_route=\/wp\/v2\/users\/96"}],"replies":[{"embeddable":true,"href":"https:\/\/diarioregionaldigital.com.br\/index.php?rest_route=%2Fwp%2Fv2%2Fcomments&post=95956"}],"version-history":[{"count":0,"href":"https:\/\/diarioregionaldigital.com.br\/index.php?rest_route=\/wp\/v2\/posts\/95956\/revisions"}],"wp:featuredmedia":[{"embeddable":true,"href":"https:\/\/diarioregionaldigital.com.br\/index.php?rest_route=\/wp\/v2\/media\/95836"}],"wp:attachment":[{"href":"https:\/\/diarioregionaldigital.com.br\/index.php?rest_route=%2Fwp%2Fv2%2Fmedia&parent=95956"}],"wp:term":[{"taxonomy":"category","embeddable":true,"href":"https:\/\/diarioregionaldigital.com.br\/index.php?rest_route=%2Fwp%2Fv2%2Fcategories&post=95956"},{"taxonomy":"post_tag","embeddable":true,"href":"https:\/\/diarioregionaldigital.com.br\/index.php?rest_route=%2Fwp%2Fv2%2Ftags&post=95956"}],"curies":[{"name":"wp","href":"https:\/\/api.w.org\/{rel}","templated":true}]}}