{"id":95955,"date":"2018-04-10T10:53:29","date_gmt":"2018-04-10T13:53:29","guid":{"rendered":"http:\/\/diarioregionaljf.com.br\/2018\/04\/10\/assaltante-armado-rouba-mais-de-r-1-200-em-imobiliaria-na-zona-norte\/"},"modified":"2018-04-10T10:53:29","modified_gmt":"2018-04-10T13:53:29","slug":"assaltante-armado-rouba-mais-de-r-1-200-em-imobiliaria-na-zona-norte","status":"publish","type":"post","link":"https:\/\/diarioregionaldigital.com.br\/?p=95955","title":{"rendered":"Assaltante armado rouba mais de R$1.200 em imobili\u00e1ria na zona Norte"},"content":{"rendered":"<p>Uma imobili\u00e1ria, localizada em um shopping na Rua Mar\u00edlia, no bairro Benfica, zona Norte de Juiz de Fora, foi assaltada por um indiv\u00edduo armado na tarde dessa segunda-feira, 9. O autor contou com apoio de um comparsa, que estava em uma moto do lado de fora do estabelecimento e deu fuga ao mesmo ap\u00f3s o crime.<\/p>\n<p>As v\u00edtimas, duas mulheres de 27 e 44 anos, relataram que o autor entrou no estabelecimento armado com um rev\u00f3lver. Apontando a arma para a mais jovem, exigiu o dinheiro do caixa, vindo a subtrair a quantia de R$1.260. O assaltante tamb\u00e9m roubou a mochila da outra v\u00edtima, al\u00e9m de um aparelho celular.<\/p>\n<p>O autor fugiu de moto com um comparsa, que o aguardava do lado de fora da imobili\u00e1ria. Ainda conforme os relatos, os dois teriam fugido na contram\u00e3o da via. Nenhum dos suspeitos foi localizado.<\/p>\n","protected":false},"excerpt":{"rendered":"<p>Uma imobili\u00e1ria, localizada em um shopping na Rua Mar\u00edlia, no bairro Benfica, zona Norte de Juiz de Fora, foi assaltada por um indiv\u00edduo armado na tarde dessa segunda-feira, 9. O autor contou com apoio de um comparsa, que estava em uma moto do lado de fora do estabelecimento e deu fuga ao mesmo ap\u00f3s o [&hellip;]<\/p>\n","protected":false},"author":96,"featured_media":95836,"comment_status":"closed","ping_status":"closed","sticky":false,"template":"","format":"standard","meta":{"footnotes":""},"categories":[301],"tags":[],"class_list":["post-95955","post","type-post","status-publish","format-standard","has-post-thumbnail","hentry","category-artigos-policiais"],"_links":{"self":[{"href":"https:\/\/diarioregionaldigital.com.br\/index.php?rest_route=\/wp\/v2\/posts\/95955","targetHints":{"allow":["GET"]}}],"collection":[{"href":"https:\/\/diarioregionaldigital.com.br\/index.php?rest_route=\/wp\/v2\/posts"}],"about":[{"href":"https:\/\/diarioregionaldigital.com.br\/index.php?rest_route=\/wp\/v2\/types\/post"}],"author":[{"embeddable":true,"href":"https:\/\/diarioregionaldigital.com.br\/index.php?rest_route=\/wp\/v2\/users\/96"}],"replies":[{"embeddable":true,"href":"https:\/\/diarioregionaldigital.com.br\/index.php?rest_route=%2Fwp%2Fv2%2Fcomments&post=95955"}],"version-history":[{"count":0,"href":"https:\/\/diarioregionaldigital.com.br\/index.php?rest_route=\/wp\/v2\/posts\/95955\/revisions"}],"wp:featuredmedia":[{"embeddable":true,"href":"https:\/\/diarioregionaldigital.com.br\/index.php?rest_route=\/wp\/v2\/media\/95836"}],"wp:attachment":[{"href":"https:\/\/diarioregionaldigital.com.br\/index.php?rest_route=%2Fwp%2Fv2%2Fmedia&parent=95955"}],"wp:term":[{"taxonomy":"category","embeddable":true,"href":"https:\/\/diarioregionaldigital.com.br\/index.php?rest_route=%2Fwp%2Fv2%2Fcategories&post=95955"},{"taxonomy":"post_tag","embeddable":true,"href":"https:\/\/diarioregionaldigital.com.br\/index.php?rest_route=%2Fwp%2Fv2%2Ftags&post=95955"}],"curies":[{"name":"wp","href":"https:\/\/api.w.org\/{rel}","templated":true}]}}