{"id":95954,"date":"2018-04-10T10:34:58","date_gmt":"2018-04-10T13:34:58","guid":{"rendered":"http:\/\/diarioregionaljf.com.br\/2018\/04\/10\/juiz-aceita-denuncia-do-mpf-e-ex-deputados-federais-do-mdb-se-tornam-reus\/"},"modified":"2018-04-10T10:34:58","modified_gmt":"2018-04-10T13:34:58","slug":"juiz-aceita-denuncia-do-mpf-e-ex-deputados-federais-do-mdb-se-tornam-reus","status":"publish","type":"post","link":"https:\/\/diarioregionaldigital.com.br\/?p=95954","title":{"rendered":"Juiz aceita den\u00fancia do MPF e ex-deputados federais do MDB se tornam r\u00e9us"},"content":{"rendered":"<p>A Justi\u00e7a Federal em Bras\u00edlia aceitou nessa segunda-feira, 9, den\u00fancia do Minist\u00e9rio P\u00fablico Federal (MPF) no inqu\u00e9rito que investiga uma suposta organiza\u00e7\u00e3o criminosa formada por ex-deputados do MDB (antigo PMDB) da C\u00e2mara dos Deputados. A decis\u00e3o foi tomada pelo juiz Marcus Vin\u00edcius Reis Bastos, da 12\u00aa Vara Federal.<\/p>\n<p>Com a decis\u00e3o, se tornaram r\u00e9us nas investiga\u00e7\u00f5es os ex-deputados Geddel Vieira Lima, Eduardo Cunha, Rodrigo Rocha Loures e Henrique Eduardo Alves. A referida organiza\u00e7\u00e3o criminosa seria respons\u00e1vel por negociar com empresas vantagens indevidas na Petrobras, na Caixa Econ\u00f4mica Federal e na pr\u00f3pria C\u00e2mara, segundo a Procuradoria-Geral da Rep\u00fablica (PGR). Os quatro j\u00e1 est\u00e3o presos em decorr\u00eancia de outras investiga\u00e7\u00f5es &#8211; apenas Rocha Loures est\u00e1 em pris\u00e3o domiciliar.<\/p>\n<p>Inicialmente, os parlamentares foram denunciados pela PGR ao Supremo Tribunal Federal (STF) junto com o presidente Michel Temer. No entanto, no ano passado, a tramita\u00e7\u00e3o da den\u00fancia contra Temer foi suspensa por decis\u00e3o da C\u00e2mara dos Deputados. Depois disso, o ministro Edson Fachin decidiu desmembrar o processo, enviando para a primeira inst\u00e2ncia as investiga\u00e7\u00f5es contra os acusados sem foro privilegiado na Corte.<\/p>\n<p>&nbsp;<\/p>\n<p>Fonte: Ag\u00eancia Brasil<\/p>\n","protected":false},"excerpt":{"rendered":"<p>A Justi\u00e7a Federal em Bras\u00edlia aceitou nessa segunda-feira, 9, den\u00fancia do Minist\u00e9rio P\u00fablico Federal (MPF) no inqu\u00e9rito que investiga uma suposta organiza\u00e7\u00e3o criminosa formada por ex-deputados do MDB (antigo PMDB) da C\u00e2mara dos Deputados. A decis\u00e3o foi tomada pelo juiz Marcus Vin\u00edcius Reis Bastos, da 12\u00aa Vara Federal. Com a decis\u00e3o, se tornaram r\u00e9us nas [&hellip;]<\/p>\n","protected":false},"author":96,"featured_media":95953,"comment_status":"closed","ping_status":"closed","sticky":false,"template":"","format":"standard","meta":{"footnotes":""},"categories":[254],"tags":[],"class_list":["post-95954","post","type-post","status-publish","format-standard","has-post-thumbnail","hentry","category-politica"],"_links":{"self":[{"href":"https:\/\/diarioregionaldigital.com.br\/index.php?rest_route=\/wp\/v2\/posts\/95954","targetHints":{"allow":["GET"]}}],"collection":[{"href":"https:\/\/diarioregionaldigital.com.br\/index.php?rest_route=\/wp\/v2\/posts"}],"about":[{"href":"https:\/\/diarioregionaldigital.com.br\/index.php?rest_route=\/wp\/v2\/types\/post"}],"author":[{"embeddable":true,"href":"https:\/\/diarioregionaldigital.com.br\/index.php?rest_route=\/wp\/v2\/users\/96"}],"replies":[{"embeddable":true,"href":"https:\/\/diarioregionaldigital.com.br\/index.php?rest_route=%2Fwp%2Fv2%2Fcomments&post=95954"}],"version-history":[{"count":0,"href":"https:\/\/diarioregionaldigital.com.br\/index.php?rest_route=\/wp\/v2\/posts\/95954\/revisions"}],"wp:featuredmedia":[{"embeddable":true,"href":"https:\/\/diarioregionaldigital.com.br\/index.php?rest_route=\/wp\/v2\/media\/95953"}],"wp:attachment":[{"href":"https:\/\/diarioregionaldigital.com.br\/index.php?rest_route=%2Fwp%2Fv2%2Fmedia&parent=95954"}],"wp:term":[{"taxonomy":"category","embeddable":true,"href":"https:\/\/diarioregionaldigital.com.br\/index.php?rest_route=%2Fwp%2Fv2%2Fcategories&post=95954"},{"taxonomy":"post_tag","embeddable":true,"href":"https:\/\/diarioregionaldigital.com.br\/index.php?rest_route=%2Fwp%2Fv2%2Ftags&post=95954"}],"curies":[{"name":"wp","href":"https:\/\/api.w.org\/{rel}","templated":true}]}}