{"id":95950,"date":"2018-04-10T03:09:57","date_gmt":"2018-04-10T06:09:57","guid":{"rendered":"http:\/\/diarioregionaljf.com.br\/2018\/04\/10\/baeta-inicia-no-domingo-a-batalha-em-busca-do-acesso\/"},"modified":"2018-04-10T03:09:57","modified_gmt":"2018-04-10T06:09:57","slug":"baeta-inicia-no-domingo-a-batalha-em-busca-do-acesso","status":"publish","type":"post","link":"https:\/\/diarioregionaldigital.com.br\/?p=95950","title":{"rendered":"Baeta inicia no domingo a batalha em busca do acesso"},"content":{"rendered":"<p>A Federa\u00e7\u00e3o Mineira de Futebol (FMF) anunciou na tarde desta segunda, os detalhes dos confrontos das semifinais do M\u00f3dulo II 2018. Tupynamb\u00e1s e Am\u00e9rica de Te\u00f3filo Otoni se enfrentam no domingo, dia 15 de abril, \u00e0s 11h, no Est\u00e1dio Municipal Radialista M\u00e1rio Hel\u00eanio pela partida de ida da semifinal. O jogo da volta ser\u00e1 realizado no s\u00e1bado seguinte, dia 21, \u00e0s 16h, no Est\u00e1dio Nassri Mattar em Te\u00f3filo Otoni.<\/p>\n<p>O Am\u00e9rica TO joga com a vantagem de dois resultados iguais para avan\u00e7ar \u00e0s finais da competi\u00e7\u00e3o, por ter terminado em 2\u00ba lugar na fase de classifica\u00e7\u00e3o com 20 pontos, o Baeta acabou na 3\u00aa coloca\u00e7\u00e3o com 19 pontos.<\/p>\n<p>No outro confronto, o Uberaba, quarto colocado da primeira fase com 19 pontos, e Guarani-MG, l\u00edder, com 23, jogam no Uberab\u00e3o a partir das 18h30. A volta ser\u00e1 no dia 21, \u00e0s 16h, em Divin\u00f3polis. Os dois clubes que se classificarem nos confrontos avan\u00e7am para a final da competi\u00e7\u00e3o e automaticamente j\u00e1 garantem vaga na elite do futebol mineiro em 2019.<\/p>\n<p>Tupynamb\u00e1s e Am\u00e9rica TO se enfrentaram na 3\u00aa rodada da fase de classifica\u00e7\u00e3o e o Baeta venceu por 2 a 1, em partida realizada no Est\u00e1dio Municipal Radialista M\u00e1rio Hel\u00eanio, em Juiz de Fora. Agora, as duas equipes voltam a se encontrar visando a elite do futebol mineiro, somente um vai avan\u00e7ar.<\/p>\n<p><strong>Fonte: Tupyn\u00e1mbas FC<\/strong><\/p>\n","protected":false},"excerpt":{"rendered":"<p>A Federa\u00e7\u00e3o Mineira de Futebol (FMF) anunciou na tarde desta segunda, os detalhes dos confrontos das semifinais do M\u00f3dulo II 2018. Tupynamb\u00e1s e Am\u00e9rica de Te\u00f3filo Otoni se enfrentam no domingo, dia 15 de abril, \u00e0s 11h, no Est\u00e1dio Municipal Radialista M\u00e1rio Hel\u00eanio pela partida de ida da semifinal. O jogo da volta ser\u00e1 realizado [&hellip;]<\/p>\n","protected":false},"author":96,"featured_media":95949,"comment_status":"closed","ping_status":"closed","sticky":false,"template":"","format":"standard","meta":{"footnotes":""},"categories":[257],"tags":[],"class_list":["post-95950","post","type-post","status-publish","format-standard","has-post-thumbnail","hentry","category-esporte"],"_links":{"self":[{"href":"https:\/\/diarioregionaldigital.com.br\/index.php?rest_route=\/wp\/v2\/posts\/95950","targetHints":{"allow":["GET"]}}],"collection":[{"href":"https:\/\/diarioregionaldigital.com.br\/index.php?rest_route=\/wp\/v2\/posts"}],"about":[{"href":"https:\/\/diarioregionaldigital.com.br\/index.php?rest_route=\/wp\/v2\/types\/post"}],"author":[{"embeddable":true,"href":"https:\/\/diarioregionaldigital.com.br\/index.php?rest_route=\/wp\/v2\/users\/96"}],"replies":[{"embeddable":true,"href":"https:\/\/diarioregionaldigital.com.br\/index.php?rest_route=%2Fwp%2Fv2%2Fcomments&post=95950"}],"version-history":[{"count":0,"href":"https:\/\/diarioregionaldigital.com.br\/index.php?rest_route=\/wp\/v2\/posts\/95950\/revisions"}],"wp:featuredmedia":[{"embeddable":true,"href":"https:\/\/diarioregionaldigital.com.br\/index.php?rest_route=\/wp\/v2\/media\/95949"}],"wp:attachment":[{"href":"https:\/\/diarioregionaldigital.com.br\/index.php?rest_route=%2Fwp%2Fv2%2Fmedia&parent=95950"}],"wp:term":[{"taxonomy":"category","embeddable":true,"href":"https:\/\/diarioregionaldigital.com.br\/index.php?rest_route=%2Fwp%2Fv2%2Fcategories&post=95950"},{"taxonomy":"post_tag","embeddable":true,"href":"https:\/\/diarioregionaldigital.com.br\/index.php?rest_route=%2Fwp%2Fv2%2Ftags&post=95950"}],"curies":[{"name":"wp","href":"https:\/\/api.w.org\/{rel}","templated":true}]}}