{"id":95948,"date":"2018-04-10T03:04:07","date_gmt":"2018-04-10T06:04:07","guid":{"rendered":"http:\/\/diarioregionaljf.com.br\/2018\/04\/10\/sel-abre-25-edicao-dos-jogos-intercolegiais\/"},"modified":"2018-04-10T03:04:07","modified_gmt":"2018-04-10T06:04:07","slug":"sel-abre-25-edicao-dos-jogos-intercolegiais","status":"publish","type":"post","link":"https:\/\/diarioregionaldigital.com.br\/?p=95948","title":{"rendered":"SEL abre 25\u00aa edi\u00e7\u00e3o dos Jogos Intercolegiais"},"content":{"rendered":"<p>A cerim\u00f4nia de abertura dos Jogos Intercolegiais, na manh\u00e3 de s\u00e1bado, na quadra do Sport, teve a presen\u00e7a de autoridades locais, alunos, professores e representantes de escolas p\u00fablicas e particulares da cidade. \u201cRealizar os Jogos Intercolegiais sempre foi uma das prioridades da administra\u00e7\u00e3o, \u00e9 importante que a juventude tenha acesso a isso tudo desde cedo. Eu, pelo meu envolvimento pessoal com o esporte, tenho total comprometimento com o evento\u201d, comentou o prefeito Ant\u00f4nio Almas. A Secretaria de Esporte e Lazer (SEL) da Prefeitura de Juiz de Fora (PJF) organizou a solenidade.<\/p>\n<p> Na edi\u00e7\u00e3o do ano passado, 4.600 alunos e 72 institui\u00e7\u00f5es de ensino participaram dos jogos. Os n\u00fameros refletem o sucesso do trabalho. Para o secret\u00e1rio de Esportes, J\u00falio Gasparette, o alto n\u00edvel da competi\u00e7\u00e3o tamb\u00e9m mostra a dedica\u00e7\u00e3o e o comprometimento dos envolvidos: \u201cN\u00e3o adianta s\u00f3 treinar, todo mundo quer jogar tamb\u00e9m. Em todas as edi\u00e7\u00f5es que acompanhei, o n\u00edvel dos jogos \u00e9 muito bom\u201d.<\/p>\n<p> O Col\u00e9gio Jesu\u00edtas \u00e9 o atual campe\u00e3o da competi\u00e7\u00e3o. Mas, para a diretoria da escola, o objetivo vai al\u00e9m dos resultados esportivos: \u201cPassamos para os nossos alunos a import\u00e2ncia de se valorizar o advers\u00e1rio, ter essa rela\u00e7\u00e3o entre as escolas p\u00fablicas e privadas \u00e9 fundamental\u201d disse Dar\u00edo Filho, coordenador de esportes do col\u00e9gio.<\/p>\n<p> A organiza\u00e7\u00e3o do evento, por meio do supervisor do Departamento de Inicia\u00e7\u00e3o, Forma\u00e7\u00e3o e Rendimento Esportivo, Ronaldo Ishimaru, declarou que espera repetir o sucesso do ano passado, destacou a quest\u00e3o disciplinar e anunciou uma novidade para a edi\u00e7\u00e3o deste ano: a inclus\u00e3o da modalidade fut 7.<\/p>\n<p> Um dos pontos altos da cerim\u00f4nia foi quando o jovem Renan Valle, de 14 anos, acendeu a pira ol\u00edmpica e foi ovacionado pela torcida. Ao final, os alunos fizeram o juramento e o prefeito declarou oficialmente a abertura dos jogos.<\/p>\n<p>&nbsp;<\/p>\n<p>Fonte: Assessoria\/SEL<\/p>\n","protected":false},"excerpt":{"rendered":"<p>A cerim\u00f4nia de abertura dos Jogos Intercolegiais, na manh\u00e3 de s\u00e1bado, na quadra do Sport, teve a presen\u00e7a de autoridades locais, alunos, professores e representantes de escolas p\u00fablicas e particulares da cidade. \u201cRealizar os Jogos Intercolegiais sempre foi uma das prioridades da administra\u00e7\u00e3o, \u00e9 importante que a juventude tenha acesso a isso tudo desde cedo. [&hellip;]<\/p>\n","protected":false},"author":96,"featured_media":95947,"comment_status":"closed","ping_status":"closed","sticky":false,"template":"","format":"standard","meta":{"footnotes":""},"categories":[257],"tags":[],"class_list":["post-95948","post","type-post","status-publish","format-standard","has-post-thumbnail","hentry","category-esporte"],"_links":{"self":[{"href":"https:\/\/diarioregionaldigital.com.br\/index.php?rest_route=\/wp\/v2\/posts\/95948","targetHints":{"allow":["GET"]}}],"collection":[{"href":"https:\/\/diarioregionaldigital.com.br\/index.php?rest_route=\/wp\/v2\/posts"}],"about":[{"href":"https:\/\/diarioregionaldigital.com.br\/index.php?rest_route=\/wp\/v2\/types\/post"}],"author":[{"embeddable":true,"href":"https:\/\/diarioregionaldigital.com.br\/index.php?rest_route=\/wp\/v2\/users\/96"}],"replies":[{"embeddable":true,"href":"https:\/\/diarioregionaldigital.com.br\/index.php?rest_route=%2Fwp%2Fv2%2Fcomments&post=95948"}],"version-history":[{"count":0,"href":"https:\/\/diarioregionaldigital.com.br\/index.php?rest_route=\/wp\/v2\/posts\/95948\/revisions"}],"wp:featuredmedia":[{"embeddable":true,"href":"https:\/\/diarioregionaldigital.com.br\/index.php?rest_route=\/wp\/v2\/media\/95947"}],"wp:attachment":[{"href":"https:\/\/diarioregionaldigital.com.br\/index.php?rest_route=%2Fwp%2Fv2%2Fmedia&parent=95948"}],"wp:term":[{"taxonomy":"category","embeddable":true,"href":"https:\/\/diarioregionaldigital.com.br\/index.php?rest_route=%2Fwp%2Fv2%2Fcategories&post=95948"},{"taxonomy":"post_tag","embeddable":true,"href":"https:\/\/diarioregionaldigital.com.br\/index.php?rest_route=%2Fwp%2Fv2%2Ftags&post=95948"}],"curies":[{"name":"wp","href":"https:\/\/api.w.org\/{rel}","templated":true}]}}