{"id":95946,"date":"2018-04-09T23:18:05","date_gmt":"2018-04-10T02:18:05","guid":{"rendered":"http:\/\/diarioregionaljf.com.br\/2018\/04\/09\/abraao-ribeiro-e-joao-de-matos-deixam-secretarias-da-pjf\/"},"modified":"2018-04-09T23:18:05","modified_gmt":"2018-04-10T02:18:05","slug":"abraao-ribeiro-e-joao-de-matos-deixam-secretarias-da-pjf","status":"publish","type":"post","link":"https:\/\/diarioregionaldigital.com.br\/?p=95946","title":{"rendered":"Abra\u00e3o Ribeiro e Jo\u00e3o de Matos deixam secretarias da PJF"},"content":{"rendered":"<p>As primeiras mudan\u00e7as no secretariado da Prefeitura de Juiz de Fora (PJF) ap\u00f3s a ren\u00fancia de Bruno Siqueira (MDB) e posse de Ant\u00f4nio Almas (PSDB) foram divulgadas.<\/p>\n<p>Em uma das suas \u00faltimas atribui\u00e7\u00f5es como chefe do Executivo Municipal, Bruno exonerou Jo\u00e3o de Matos Neto do cargo de secret\u00e1rio de Desenvolvimento Econ\u00f4mico, Trabalho e Turismo(SEDETTUR) a pedido do mesmo. A informa\u00e7\u00e3o foi publicada no Di\u00e1rio Oficial do Munic\u00edpio do \u00faltimo s\u00e1bado, 7.<\/p>\n<p>Nessa segunda-feira, 9, a PJF informou, por meio de nota, que o superintendente da Funda\u00e7\u00e3o Cultural Alfredo Ferreira Lage (Funalfa), R\u00f4mulo Veiga, responder\u00e1 interinamente pela pasta. Sendo assim, Veiga ir\u00e1 acumular as duas atribui\u00e7\u00f5es at\u00e9 a nomea\u00e7\u00e3o definitiva do novo titular da SEDETTUR. O an\u00fancio ser\u00e1 publicado no Di\u00e1rio Oficial do Munic\u00edpio desta ter\u00e7a-feira, 10.<\/p>\n<p>Na mesma edi\u00e7\u00e3o, ser\u00e1 publicada a exonera\u00e7\u00e3o, tamb\u00e9m a pedido, de Abra\u00e3o Ribeiro do cargo de titular da Secretaria de Desenvolvimento Social (SDS). \u201cNo mesmo ato, ser\u00e1 nomeada para a fun\u00e7\u00e3o Tammy Claret, que atualmente responde interinamente pela pasta. Tammy \u00e9 soci\u00f3loga e ocupava a Subsecret\u00e1ria de Gest\u00e3o do SUAS e Inclus\u00e3o Socioprodutiva desde janeiro de 2017\u201d, disse o comunicado.<\/p>\n<h4>&nbsp;<\/h4>\n<h4>HIST\u00d3RICO<\/h4>\n<p>Matos e Ribeiro assumiram as pastas ainda no primeiro mandato de Bruno Siqueira. Ap\u00f3s o economista Andr\u00e9 Zuchi entregar o cargo no final de abril de 2016, Matos assumiu a SEDETTUR. Anteriormente, Fl\u00e1vio Checker deixou a SDS para concorrer ao pleito daquele ano e Ribeiro foi nomeado o novo titular da Secretaria.<\/p>\n<p>Ap\u00f3s a vit\u00f3ria do emedebista das elei\u00e7\u00f5es de 2016, eles permaneceram em seus cargos para o segundo mandato de Bruno Siqueira.<\/p>\n","protected":false},"excerpt":{"rendered":"<p>As primeiras mudan\u00e7as no secretariado da Prefeitura de Juiz de Fora (PJF) ap\u00f3s a ren\u00fancia de Bruno Siqueira (MDB) e posse de Ant\u00f4nio Almas (PSDB) foram divulgadas. Em uma das suas \u00faltimas atribui\u00e7\u00f5es como chefe do Executivo Municipal, Bruno exonerou Jo\u00e3o de Matos Neto do cargo de secret\u00e1rio de Desenvolvimento Econ\u00f4mico, Trabalho e Turismo(SEDETTUR) a [&hellip;]<\/p>\n","protected":false},"author":96,"featured_media":95945,"comment_status":"closed","ping_status":"closed","sticky":false,"template":"","format":"standard","meta":{"footnotes":""},"categories":[253],"tags":[],"class_list":["post-95946","post","type-post","status-publish","format-standard","has-post-thumbnail","hentry","category-cidade"],"_links":{"self":[{"href":"https:\/\/diarioregionaldigital.com.br\/index.php?rest_route=\/wp\/v2\/posts\/95946","targetHints":{"allow":["GET"]}}],"collection":[{"href":"https:\/\/diarioregionaldigital.com.br\/index.php?rest_route=\/wp\/v2\/posts"}],"about":[{"href":"https:\/\/diarioregionaldigital.com.br\/index.php?rest_route=\/wp\/v2\/types\/post"}],"author":[{"embeddable":true,"href":"https:\/\/diarioregionaldigital.com.br\/index.php?rest_route=\/wp\/v2\/users\/96"}],"replies":[{"embeddable":true,"href":"https:\/\/diarioregionaldigital.com.br\/index.php?rest_route=%2Fwp%2Fv2%2Fcomments&post=95946"}],"version-history":[{"count":0,"href":"https:\/\/diarioregionaldigital.com.br\/index.php?rest_route=\/wp\/v2\/posts\/95946\/revisions"}],"wp:featuredmedia":[{"embeddable":true,"href":"https:\/\/diarioregionaldigital.com.br\/index.php?rest_route=\/wp\/v2\/media\/95945"}],"wp:attachment":[{"href":"https:\/\/diarioregionaldigital.com.br\/index.php?rest_route=%2Fwp%2Fv2%2Fmedia&parent=95946"}],"wp:term":[{"taxonomy":"category","embeddable":true,"href":"https:\/\/diarioregionaldigital.com.br\/index.php?rest_route=%2Fwp%2Fv2%2Fcategories&post=95946"},{"taxonomy":"post_tag","embeddable":true,"href":"https:\/\/diarioregionaldigital.com.br\/index.php?rest_route=%2Fwp%2Fv2%2Ftags&post=95946"}],"curies":[{"name":"wp","href":"https:\/\/api.w.org\/{rel}","templated":true}]}}