{"id":95944,"date":"2018-04-09T22:55:55","date_gmt":"2018-04-10T01:55:55","guid":{"rendered":"http:\/\/diarioregionaljf.com.br\/2018\/04\/09\/a-verdadeira-coragem-2\/"},"modified":"2018-04-16T08:09:55","modified_gmt":"2018-04-16T11:09:55","slug":"a-verdadeira-coragem-2","status":"publish","type":"post","link":"https:\/\/diarioregionaldigital.com.br\/?p=95944","title":{"rendered":"A Verdadeira Coragem"},"content":{"rendered":"<p>A verdadeira coragem n\u00e3o est\u00e1 no mundo abstrato da teoria. Aquele que entra em conflito com o pr\u00f3ximo em nome do amor \u00e0 humanidade n\u00e3o \u00e9 um indiv\u00edduo realmente corajoso. O verdadeiro amor \u00e0 humanidade deve come\u00e7ar pelos atos concretos de bondade para com as pessoas que est\u00e3o ao redor. Somente quem ajuda de modo objetivo o pr\u00f3ximo \u00e9 realmente corajoso.<br \/>O verdadeiro corajoso \u00e9 aquele que, para alcan\u00e7ar o seu ideal, n\u00e3o se abala diante de infort\u00fanios ou priva\u00e7\u00f5es tempor\u00e1rias. Quem vacila pensando em vantagens ou desvantagens moment\u00e2neas n\u00e3o \u00e9 uma pessoa realmente corajosa.<br \/>O verdadeiro corajoso \u00e9 aquele que n\u00e3o se deixa tentar pelos prazeres dos sentidos. Aquele que, mesmo conhecendo a futilidade dos prazeres dos cinco sentidos, entrega sua alma a eles, n\u00e3o \u00e9 verdadeiramente corajoso.<br \/>O verdadeiro corajoso \u00e9 aquele que possui dignidade suficiente para n\u00e3o se sujeitar \u00e0 riqueza. Quem se curva diante da riqueza \u00e9 escravo dela. Um escravo n\u00e3o \u00e9 um corajoso.<br \/>O verdadeiro corajoso n\u00e3o se deixa subjugar pela autoridade, nem pelas armas, nem pela viol\u00eancia, mantendo-se firme em seus princ\u00edpios. Quem tem a verdadeira coragem permanece fiel aos seus princ\u00edpios, conservando-se \u00edntegro do come\u00e7o ao fim.<br \/>O verdadeiro corajoso n\u00e3o se abala diante das transforma\u00e7\u00f5es do mundo fenom\u00eanico, contemplando sempre a realidade eterna; ele n\u00e3o se entristece, n\u00e3o se lamenta e vive sempre sorridente.<br \/>O verdadeiro corajoso harmoniza-se com todas as pessoas, demonstrando a virtude da paci\u00eancia; contudo, n\u00e3o transige com erros e sempre fala a verdade. Aquele que n\u00e3o consegue sustentar a verdade \u2013 e, por conseguinte, n\u00e3o consegue dominar o mal \u2013 n\u00e3o passa de um covarde. O verdadeiro corajoso n\u00e3o teme nem se enfurece perante o mal e, compreendendo que o mal inexiste originalmente, v\u00ea somente a Imagem Verdadeira perfeita das pessoas. Por\u00e9m, isso n\u00e3o significa condescender com o mal. Como sabe que n\u00e3o existem pessoas originalmente m\u00e1s, aniquila implacavelmente os males do pr\u00f3ximo e consegue transform\u00e1-lo em uma pessoa boa.<br \/>O verdadeiro corajoso n\u00e3o pactua com o mal, nem vacila, nem hesita. Avan\u00e7a quando deve avan\u00e7ar e recua quando \u00e9 necess\u00e1rio recuar; cada movimento e cada ato seus s\u00e3o realizados no momento certo. Vacilar no momento em que deve avan\u00e7ar, ou desistir de uma obra quando falta o \u00faltimo esfor\u00e7o para conclui-Ia, n\u00e3o s\u00e3o atos dignos de um corajoso.<br \/>O verdadeiro corajoso leva \u00e0 pr\u00e1tica aquilo que sabe que \u00e9 bom, sem descuidar dos pequenos detalhes. Quando sabe que algo \u00e9 mau, sempre se afasta dele e jamais engana a si pr\u00f3prio.<br \/>N\u00e3o \u00e9 um verdadeiro corajoso aquele que, mesmo sabendo que sua ideia \u00e9 boa, n\u00e3o consegue coloc\u00e1-Ia em pr\u00e1tica, deixando sempre para &#8220;mais tarde&#8221;. Os antigos diziam: &#8220;A velhice vem depressa, ao passo que o aprendizado \u00e9 demorado&#8221;. Quem n\u00e3o se esfor\u00e7a todos os dias e n\u00e3o progride diariamente n\u00e3o \u00e9 uma pessoa realmente corajosa.<br \/>Jovens, pratiquem sem neglig\u00eancia boas a\u00e7\u00f5es, ainda que pequeninas, todos os dias! Quem possui a verdadeira coragem n\u00e3o \u00e9 negligente.<br \/>Voc\u00ea que gosta dos ensinamentos da Seicho-No-Ie pode acompanhar as li\u00e7\u00f5es nos seguintes espa\u00e7os e dias: no Di\u00e1rio Regional: ter\u00e7as, e domingos; na R\u00e1dio Premium: segunda a s\u00e1bado, \u00e0s 7h; na TVE-JF canal 12: aos s\u00e1bados, \u00e0s 9h, aos domingos, \u00e0s 11h e \u00e0s quintas, \u00e0s 22h30. Participe dos ensinamentos da Seicho-No-Ie no domingo, das 9h \u00e0s 11h, na Rua Silva Jardim n\u00b0 243; Rua Nair de Castro Cunha n\u00b0 155 e Rua Feliciano Pena n\u00b0 20. Venha, participe e descubra um modo feliz de viver em harmonia com a natureza.<\/p>\n","protected":false},"excerpt":{"rendered":"<p>A verdadeira coragem n\u00e3o est\u00e1 no mundo abstrato da teoria. Aquele que entra em conflito com o pr\u00f3ximo em nome do amor \u00e0 humanidade n\u00e3o \u00e9 um indiv\u00edduo realmente corajoso. O verdadeiro amor \u00e0 humanidade deve come\u00e7ar pelos atos concretos de bondade para com as pessoas que est\u00e3o ao redor. Somente quem ajuda de modo [&hellip;]<\/p>\n","protected":false},"author":96,"featured_media":0,"comment_status":"closed","ping_status":"closed","sticky":false,"template":"","format":"standard","meta":{"footnotes":""},"categories":[263],"tags":[],"class_list":["post-95944","post","type-post","status-publish","format-standard","hentry","category-jane-aragao"],"_links":{"self":[{"href":"https:\/\/diarioregionaldigital.com.br\/index.php?rest_route=\/wp\/v2\/posts\/95944","targetHints":{"allow":["GET"]}}],"collection":[{"href":"https:\/\/diarioregionaldigital.com.br\/index.php?rest_route=\/wp\/v2\/posts"}],"about":[{"href":"https:\/\/diarioregionaldigital.com.br\/index.php?rest_route=\/wp\/v2\/types\/post"}],"author":[{"embeddable":true,"href":"https:\/\/diarioregionaldigital.com.br\/index.php?rest_route=\/wp\/v2\/users\/96"}],"replies":[{"embeddable":true,"href":"https:\/\/diarioregionaldigital.com.br\/index.php?rest_route=%2Fwp%2Fv2%2Fcomments&post=95944"}],"version-history":[{"count":0,"href":"https:\/\/diarioregionaldigital.com.br\/index.php?rest_route=\/wp\/v2\/posts\/95944\/revisions"}],"wp:attachment":[{"href":"https:\/\/diarioregionaldigital.com.br\/index.php?rest_route=%2Fwp%2Fv2%2Fmedia&parent=95944"}],"wp:term":[{"taxonomy":"category","embeddable":true,"href":"https:\/\/diarioregionaldigital.com.br\/index.php?rest_route=%2Fwp%2Fv2%2Fcategories&post=95944"},{"taxonomy":"post_tag","embeddable":true,"href":"https:\/\/diarioregionaldigital.com.br\/index.php?rest_route=%2Fwp%2Fv2%2Ftags&post=95944"}],"curies":[{"name":"wp","href":"https:\/\/api.w.org\/{rel}","templated":true}]}}