{"id":95943,"date":"2018-04-09T22:06:55","date_gmt":"2018-04-10T01:06:55","guid":{"rendered":"http:\/\/diarioregionaljf.com.br\/2018\/04\/09\/prefeitura-municipal-de-tocantins-2-10-04-18\/"},"modified":"2018-08-13T20:31:25","modified_gmt":"2018-08-13T23:31:25","slug":"prefeitura-municipal-de-tocantins-2-10-04-18","status":"publish","type":"post","link":"https:\/\/diarioregionaldigital.com.br\/?p=95943","title":{"rendered":"Prefeitura Municipal de Tocantins 2 10\/04\/18"},"content":{"rendered":"<p style=\"text-align: center;\"><span class=\"h4\">AVISO DE LICITA\u00c7\u00c3O<\/span><br \/><span class=\"h4\">Licita\u00e7\u00e3o n\u00b0 035\/2018<\/span><br \/><span class=\"h4\">Modalidade de Preg\u00e3o Presencial n\u00b0 026\/2018<\/span><br \/>O Munic\u00edpio de Tocantins atrav\u00e9s das Secretarias Municipais, na forma da lei, faz saber a todos os interessados que far\u00e1 licita\u00e7\u00e3o na modalidade de preg\u00e3o presencial para AQUISICAO DE DIVERSOS MATERIAIS DE EL\u00c9TRICO A SER UTILIZADOS PELA SECRETARIA MUNICIPAL DE OBRAS P\u00daBLICAS NA MANUTENCAO DE SUAS ATIVIDADES DIARIAS, MEDIANTE REGISTRO DE PRE\u00c7OS, no dia 23\/04\/2018 \u00e0s 08:00 horas na sala da de licita\u00e7\u00f5es, localizada na Av. Padre Mac\u00e1rio, n\u00b0 129, bairro Centro, Munic\u00edpio de TOCANTINS. O edital completo encontra-se a disposi\u00e7\u00e3o dos interessados no endere\u00e7o citado anteriormente, no hor\u00e1rio de expediente de 08:00 \u00e0s 11:00 horas e das 13:00 as 16:00 horas.<br \/>TOCANTINS, 09 de abril 2018. JANSEN PASCHOALINO ROCHA- PREGOEIRO<\/p>\n","protected":false},"excerpt":{"rendered":"<p>AVISO DE LICITA\u00c7\u00c3OLicita\u00e7\u00e3o n\u00b0 035\/2018Modalidade de Preg\u00e3o Presencial n\u00b0 026\/2018O Munic\u00edpio de Tocantins atrav\u00e9s das Secretarias Municipais, na forma da lei, faz saber a todos os interessados que far\u00e1 licita\u00e7\u00e3o na modalidade de preg\u00e3o presencial para AQUISICAO DE DIVERSOS MATERIAIS DE EL\u00c9TRICO A SER UTILIZADOS PELA SECRETARIA MUNICIPAL DE OBRAS P\u00daBLICAS NA MANUTENCAO DE SUAS [&hellip;]<\/p>\n","protected":false},"author":96,"featured_media":0,"comment_status":"closed","ping_status":"closed","sticky":false,"template":"","format":"standard","meta":{"footnotes":""},"categories":[307],"tags":[],"class_list":["post-95943","post","type-post","status-publish","format-standard","hentry","category-editais"],"_links":{"self":[{"href":"https:\/\/diarioregionaldigital.com.br\/index.php?rest_route=\/wp\/v2\/posts\/95943","targetHints":{"allow":["GET"]}}],"collection":[{"href":"https:\/\/diarioregionaldigital.com.br\/index.php?rest_route=\/wp\/v2\/posts"}],"about":[{"href":"https:\/\/diarioregionaldigital.com.br\/index.php?rest_route=\/wp\/v2\/types\/post"}],"author":[{"embeddable":true,"href":"https:\/\/diarioregionaldigital.com.br\/index.php?rest_route=\/wp\/v2\/users\/96"}],"replies":[{"embeddable":true,"href":"https:\/\/diarioregionaldigital.com.br\/index.php?rest_route=%2Fwp%2Fv2%2Fcomments&post=95943"}],"version-history":[{"count":0,"href":"https:\/\/diarioregionaldigital.com.br\/index.php?rest_route=\/wp\/v2\/posts\/95943\/revisions"}],"wp:attachment":[{"href":"https:\/\/diarioregionaldigital.com.br\/index.php?rest_route=%2Fwp%2Fv2%2Fmedia&parent=95943"}],"wp:term":[{"taxonomy":"category","embeddable":true,"href":"https:\/\/diarioregionaldigital.com.br\/index.php?rest_route=%2Fwp%2Fv2%2Fcategories&post=95943"},{"taxonomy":"post_tag","embeddable":true,"href":"https:\/\/diarioregionaldigital.com.br\/index.php?rest_route=%2Fwp%2Fv2%2Ftags&post=95943"}],"curies":[{"name":"wp","href":"https:\/\/api.w.org\/{rel}","templated":true}]}}