{"id":95942,"date":"2018-04-09T22:05:40","date_gmt":"2018-04-10T01:05:40","guid":{"rendered":"http:\/\/diarioregionaljf.com.br\/2018\/04\/09\/prefeitura-municipal-de-tocantins-10-04-18\/"},"modified":"2018-08-13T20:31:26","modified_gmt":"2018-08-13T23:31:26","slug":"prefeitura-municipal-de-tocantins-10-04-18","status":"publish","type":"post","link":"https:\/\/diarioregionaldigital.com.br\/?p=95942","title":{"rendered":"Prefeitura Municipal de Tocantins 10\/04\/18"},"content":{"rendered":"<p style=\"text-align: center;\"><span class=\"h4\">AVISO DE LICITA\u00c7\u00c3O<\/span><br \/><span class=\"h4\">Licita\u00e7\u00e3o n\u00b0 032\/2018<\/span><br \/><span class=\"h4\">Modalidade de Preg\u00e3o Presencial n\u00b0 023\/2018<\/span><br \/>O Munic\u00edpio de TOCANTINS, na forma da lei, faz saber a todos os interessados que far\u00e1 licita\u00e7\u00e3o na modalidade de preg\u00e3o presencial para registro de pre\u00e7os para fornecimento de servi\u00e7os gr\u00e1ficos, no dia 24\/04\/2018 as 08:00 horas na sala da Comiss\u00e3o de Licita\u00e7\u00e3o, localizada na Av. Padre Mac\u00e1rio, n\u00b0 129, bairro Centro, munic\u00edpio de TOCANTINS. O edital completo encontra-se a disposi\u00e7\u00e3o dos interessados no endere\u00e7o citado anteriormente, no hor\u00e1rio de expediente de 08:00 \u00e0s 11:00 e de 13:00 \u00e0s 16:00 hrs. TOCANTINS, 09 de abril de 2018. JANSEN PASCHOALINO ROCHA &#8211; PREGOEIRO<\/p>\n","protected":false},"excerpt":{"rendered":"<p>AVISO DE LICITA\u00c7\u00c3OLicita\u00e7\u00e3o n\u00b0 032\/2018Modalidade de Preg\u00e3o Presencial n\u00b0 023\/2018O Munic\u00edpio de TOCANTINS, na forma da lei, faz saber a todos os interessados que far\u00e1 licita\u00e7\u00e3o na modalidade de preg\u00e3o presencial para registro de pre\u00e7os para fornecimento de servi\u00e7os gr\u00e1ficos, no dia 24\/04\/2018 as 08:00 horas na sala da Comiss\u00e3o de Licita\u00e7\u00e3o, localizada na Av. [&hellip;]<\/p>\n","protected":false},"author":96,"featured_media":0,"comment_status":"closed","ping_status":"closed","sticky":false,"template":"","format":"standard","meta":{"footnotes":""},"categories":[307],"tags":[],"class_list":["post-95942","post","type-post","status-publish","format-standard","hentry","category-editais"],"_links":{"self":[{"href":"https:\/\/diarioregionaldigital.com.br\/index.php?rest_route=\/wp\/v2\/posts\/95942","targetHints":{"allow":["GET"]}}],"collection":[{"href":"https:\/\/diarioregionaldigital.com.br\/index.php?rest_route=\/wp\/v2\/posts"}],"about":[{"href":"https:\/\/diarioregionaldigital.com.br\/index.php?rest_route=\/wp\/v2\/types\/post"}],"author":[{"embeddable":true,"href":"https:\/\/diarioregionaldigital.com.br\/index.php?rest_route=\/wp\/v2\/users\/96"}],"replies":[{"embeddable":true,"href":"https:\/\/diarioregionaldigital.com.br\/index.php?rest_route=%2Fwp%2Fv2%2Fcomments&post=95942"}],"version-history":[{"count":0,"href":"https:\/\/diarioregionaldigital.com.br\/index.php?rest_route=\/wp\/v2\/posts\/95942\/revisions"}],"wp:attachment":[{"href":"https:\/\/diarioregionaldigital.com.br\/index.php?rest_route=%2Fwp%2Fv2%2Fmedia&parent=95942"}],"wp:term":[{"taxonomy":"category","embeddable":true,"href":"https:\/\/diarioregionaldigital.com.br\/index.php?rest_route=%2Fwp%2Fv2%2Fcategories&post=95942"},{"taxonomy":"post_tag","embeddable":true,"href":"https:\/\/diarioregionaldigital.com.br\/index.php?rest_route=%2Fwp%2Fv2%2Ftags&post=95942"}],"curies":[{"name":"wp","href":"https:\/\/api.w.org\/{rel}","templated":true}]}}