{"id":95941,"date":"2018-04-09T22:04:42","date_gmt":"2018-04-10T01:04:42","guid":{"rendered":"http:\/\/diarioregionaljf.com.br\/2018\/04\/09\/prefeitura-municipal-de-pirauba-10-04-18\/"},"modified":"2018-08-13T20:31:26","modified_gmt":"2018-08-13T23:31:26","slug":"prefeitura-municipal-de-pirauba-10-04-18","status":"publish","type":"post","link":"https:\/\/diarioregionaldigital.com.br\/?p=95941","title":{"rendered":"Prefeitura Municipal de Pira\u00faba 10\/04\/18"},"content":{"rendered":"<p><span class=\"h4\">MUNIC\u00cdPIO DE PIRA\u00daBA<\/span> \u2013 Publica\u00e7\u00e3o de Licita\u00e7\u00e3o \u2013 Preg\u00e3o Presencial n.\u00ba 019\/2018 \u2013 Processo n.\u00ba 037\/2018 \u2013 Registro de Pre\u00e7os n.\u00ba 015\/2018. Objeto: Registro de pre\u00e7o para futura e eventual contrata\u00e7\u00e3o de servi\u00e7os na \u00e1rea de engenharia el\u00e9trica, para executar servi\u00e7os diversos como de instala\u00e7\u00e3o, modifica\u00e7\u00e3o, manuten\u00e7\u00e3o e extens\u00e3o de rede el\u00e9trica na \u00e1rea urbana e rural, pertencentes ao munic\u00edpio de Pira\u00faba, conforme especifica\u00e7\u00e3o detalhada constante no Anexo I deste edital. Abertura dia 23\/04\/2018 \u00e0s 12:30 horas. Local: Rua Opem\u00e1, 610 \u2013 Centro \u2013 Pira\u00faba \u2013 MG. Informa\u00e7\u00f5es por e-mail compras@pirauba.mg.gov.br ou telefone (32) 3573-1575 de 12:00 as 18:00 h. Pira\u00faba, 09 de Abril de 2018. Adriano Carvalhaes Gravina \u2013 Prefeito Municipal. Fabiana Gon\u00e7alves de Paiva Benevenuto \u2013 Pregoeira.<\/p>\n","protected":false},"excerpt":{"rendered":"<p>MUNIC\u00cdPIO DE PIRA\u00daBA \u2013 Publica\u00e7\u00e3o de Licita\u00e7\u00e3o \u2013 Preg\u00e3o Presencial n.\u00ba 019\/2018 \u2013 Processo n.\u00ba 037\/2018 \u2013 Registro de Pre\u00e7os n.\u00ba 015\/2018. Objeto: Registro de pre\u00e7o para futura e eventual contrata\u00e7\u00e3o de servi\u00e7os na \u00e1rea de engenharia el\u00e9trica, para executar servi\u00e7os diversos como de instala\u00e7\u00e3o, modifica\u00e7\u00e3o, manuten\u00e7\u00e3o e extens\u00e3o de rede el\u00e9trica na \u00e1rea urbana [&hellip;]<\/p>\n","protected":false},"author":96,"featured_media":0,"comment_status":"closed","ping_status":"closed","sticky":false,"template":"","format":"standard","meta":{"footnotes":""},"categories":[307],"tags":[],"class_list":["post-95941","post","type-post","status-publish","format-standard","hentry","category-editais"],"_links":{"self":[{"href":"https:\/\/diarioregionaldigital.com.br\/index.php?rest_route=\/wp\/v2\/posts\/95941","targetHints":{"allow":["GET"]}}],"collection":[{"href":"https:\/\/diarioregionaldigital.com.br\/index.php?rest_route=\/wp\/v2\/posts"}],"about":[{"href":"https:\/\/diarioregionaldigital.com.br\/index.php?rest_route=\/wp\/v2\/types\/post"}],"author":[{"embeddable":true,"href":"https:\/\/diarioregionaldigital.com.br\/index.php?rest_route=\/wp\/v2\/users\/96"}],"replies":[{"embeddable":true,"href":"https:\/\/diarioregionaldigital.com.br\/index.php?rest_route=%2Fwp%2Fv2%2Fcomments&post=95941"}],"version-history":[{"count":0,"href":"https:\/\/diarioregionaldigital.com.br\/index.php?rest_route=\/wp\/v2\/posts\/95941\/revisions"}],"wp:attachment":[{"href":"https:\/\/diarioregionaldigital.com.br\/index.php?rest_route=%2Fwp%2Fv2%2Fmedia&parent=95941"}],"wp:term":[{"taxonomy":"category","embeddable":true,"href":"https:\/\/diarioregionaldigital.com.br\/index.php?rest_route=%2Fwp%2Fv2%2Fcategories&post=95941"},{"taxonomy":"post_tag","embeddable":true,"href":"https:\/\/diarioregionaldigital.com.br\/index.php?rest_route=%2Fwp%2Fv2%2Ftags&post=95941"}],"curies":[{"name":"wp","href":"https:\/\/api.w.org\/{rel}","templated":true}]}}