{"id":95940,"date":"2018-04-09T22:03:35","date_gmt":"2018-04-10T01:03:35","guid":{"rendered":"http:\/\/diarioregionaljf.com.br\/2018\/04\/09\/prefeitura-municipal-de-descoberto-2-10-04-18\/"},"modified":"2018-08-13T20:31:50","modified_gmt":"2018-08-13T23:31:50","slug":"prefeitura-municipal-de-descoberto-2-10-04-18","status":"publish","type":"post","link":"https:\/\/diarioregionaldigital.com.br\/?p=95940","title":{"rendered":"Prefeitura Municipal de Descoberto 2 10\/04\/18"},"content":{"rendered":"<p style=\"text-align: center;\"><span class=\"h4\">EXTRATO PRIMEIRO TERMO ADITIVO DE CONTRATO<\/span><br \/>1\u00ba Termo Aditivo. Pref. Municipal de Descoberto x Thomaz Empreendimentos Ltda- ME &#8211; Objeto: Constitui objeto do presente termo aditivo a modifica\u00e7\u00e3o do prazo de vig\u00eancia do contrato, que passar\u00e1 a vigorar de 11\/04\/2018 \u00e0 11\/04\/2019 &#8211; Fundamento: Carta Convite n\u00ba 005\/2018 \u2013 Valor Global: 28.800,00 &#8211; Vig\u00eancia: 11\/04\/2018 a 11\/04\/2019 \u2013 Dot or\u00e7: 02.04001.12.122.0002.218-339039\/100 &#8211; Ass: 09\/04\/18- Foro: S\u00e3o Jo\u00e3o Nepomuceno\/MG.<\/p>\n<p class=\"h5\" style=\"text-align: center;\">Marcos de Ara\u00fajo Lima<br \/>Prefeito Municipal<\/p>\n","protected":false},"excerpt":{"rendered":"<p>EXTRATO PRIMEIRO TERMO ADITIVO DE CONTRATO1\u00ba Termo Aditivo. Pref. Municipal de Descoberto x Thomaz Empreendimentos Ltda- ME &#8211; Objeto: Constitui objeto do presente termo aditivo a modifica\u00e7\u00e3o do prazo de vig\u00eancia do contrato, que passar\u00e1 a vigorar de 11\/04\/2018 \u00e0 11\/04\/2019 &#8211; Fundamento: Carta Convite n\u00ba 005\/2018 \u2013 Valor Global: 28.800,00 &#8211; Vig\u00eancia: 11\/04\/2018 a [&hellip;]<\/p>\n","protected":false},"author":96,"featured_media":0,"comment_status":"closed","ping_status":"closed","sticky":false,"template":"","format":"standard","meta":{"footnotes":""},"categories":[307],"tags":[],"class_list":["post-95940","post","type-post","status-publish","format-standard","hentry","category-editais"],"_links":{"self":[{"href":"https:\/\/diarioregionaldigital.com.br\/index.php?rest_route=\/wp\/v2\/posts\/95940","targetHints":{"allow":["GET"]}}],"collection":[{"href":"https:\/\/diarioregionaldigital.com.br\/index.php?rest_route=\/wp\/v2\/posts"}],"about":[{"href":"https:\/\/diarioregionaldigital.com.br\/index.php?rest_route=\/wp\/v2\/types\/post"}],"author":[{"embeddable":true,"href":"https:\/\/diarioregionaldigital.com.br\/index.php?rest_route=\/wp\/v2\/users\/96"}],"replies":[{"embeddable":true,"href":"https:\/\/diarioregionaldigital.com.br\/index.php?rest_route=%2Fwp%2Fv2%2Fcomments&post=95940"}],"version-history":[{"count":0,"href":"https:\/\/diarioregionaldigital.com.br\/index.php?rest_route=\/wp\/v2\/posts\/95940\/revisions"}],"wp:attachment":[{"href":"https:\/\/diarioregionaldigital.com.br\/index.php?rest_route=%2Fwp%2Fv2%2Fmedia&parent=95940"}],"wp:term":[{"taxonomy":"category","embeddable":true,"href":"https:\/\/diarioregionaldigital.com.br\/index.php?rest_route=%2Fwp%2Fv2%2Fcategories&post=95940"},{"taxonomy":"post_tag","embeddable":true,"href":"https:\/\/diarioregionaldigital.com.br\/index.php?rest_route=%2Fwp%2Fv2%2Ftags&post=95940"}],"curies":[{"name":"wp","href":"https:\/\/api.w.org\/{rel}","templated":true}]}}