{"id":95939,"date":"2018-04-09T22:02:36","date_gmt":"2018-04-10T01:02:36","guid":{"rendered":"http:\/\/diarioregionaljf.com.br\/2018\/04\/09\/prefeitura-municipal-de-descoberto-10-04-18\/"},"modified":"2018-08-13T20:31:50","modified_gmt":"2018-08-13T23:31:50","slug":"prefeitura-municipal-de-descoberto-10-04-18","status":"publish","type":"post","link":"https:\/\/diarioregionaldigital.com.br\/?p=95939","title":{"rendered":"Prefeitura Municipal de Descoberto 10\/04\/18"},"content":{"rendered":"<p style=\"text-align: center;\"><span class=\"h4\">EXTRATO DE CONTRATO<\/span><br \/>Pref. Municipal de Descoberto x Posto Brotinho Ltda &#8211; EPP- Objeto: Aquisi\u00e7\u00e3o de combust\u00edvel para ve\u00edculos e m\u00e1quinas da Prefeitura de Descoberto &#8211; Fundamento: Inexigibilidade 004\/2018\u2013Valor Global: 329.058,30 \u2013 Vig\u00eancia: 3 meses\u2013 Dot or\u00e7: 02.07001.08.243.0002.225-339030\/100- 02.08000.08.244.0012.237-339030\/100- 02.01000.04.122.0002.202-339030\/100- 02.04003.12.364.0003.265-339030\/100- 02.06000.15.122.0002.202-339030\/100- 02.02000.04.122.0002.218-339030\/100- 02.02000.04.181.0002.223-339030\/100 &#8211; Ass: 09\/04\/2018 &#8211; Foro: S\u00e3o Jo\u00e3o Nepomuceno\/MG.<\/p>\n<p class=\"h5\" style=\"text-align: center;\">Marcos de Ara\u00fajo Lima<br \/>Prefeito Municipal<\/p>\n","protected":false},"excerpt":{"rendered":"<p>EXTRATO DE CONTRATOPref. Municipal de Descoberto x Posto Brotinho Ltda &#8211; EPP- Objeto: Aquisi\u00e7\u00e3o de combust\u00edvel para ve\u00edculos e m\u00e1quinas da Prefeitura de Descoberto &#8211; Fundamento: Inexigibilidade 004\/2018\u2013Valor Global: 329.058,30 \u2013 Vig\u00eancia: 3 meses\u2013 Dot or\u00e7: 02.07001.08.243.0002.225-339030\/100- 02.08000.08.244.0012.237-339030\/100- 02.01000.04.122.0002.202-339030\/100- 02.04003.12.364.0003.265-339030\/100- 02.06000.15.122.0002.202-339030\/100- 02.02000.04.122.0002.218-339030\/100- 02.02000.04.181.0002.223-339030\/100 &#8211; Ass: 09\/04\/2018 &#8211; Foro: S\u00e3o Jo\u00e3o Nepomuceno\/MG. Marcos de Ara\u00fajo LimaPrefeito [&hellip;]<\/p>\n","protected":false},"author":96,"featured_media":0,"comment_status":"closed","ping_status":"closed","sticky":false,"template":"","format":"standard","meta":{"footnotes":""},"categories":[307],"tags":[],"class_list":["post-95939","post","type-post","status-publish","format-standard","hentry","category-editais"],"_links":{"self":[{"href":"https:\/\/diarioregionaldigital.com.br\/index.php?rest_route=\/wp\/v2\/posts\/95939","targetHints":{"allow":["GET"]}}],"collection":[{"href":"https:\/\/diarioregionaldigital.com.br\/index.php?rest_route=\/wp\/v2\/posts"}],"about":[{"href":"https:\/\/diarioregionaldigital.com.br\/index.php?rest_route=\/wp\/v2\/types\/post"}],"author":[{"embeddable":true,"href":"https:\/\/diarioregionaldigital.com.br\/index.php?rest_route=\/wp\/v2\/users\/96"}],"replies":[{"embeddable":true,"href":"https:\/\/diarioregionaldigital.com.br\/index.php?rest_route=%2Fwp%2Fv2%2Fcomments&post=95939"}],"version-history":[{"count":0,"href":"https:\/\/diarioregionaldigital.com.br\/index.php?rest_route=\/wp\/v2\/posts\/95939\/revisions"}],"wp:attachment":[{"href":"https:\/\/diarioregionaldigital.com.br\/index.php?rest_route=%2Fwp%2Fv2%2Fmedia&parent=95939"}],"wp:term":[{"taxonomy":"category","embeddable":true,"href":"https:\/\/diarioregionaldigital.com.br\/index.php?rest_route=%2Fwp%2Fv2%2Fcategories&post=95939"},{"taxonomy":"post_tag","embeddable":true,"href":"https:\/\/diarioregionaldigital.com.br\/index.php?rest_route=%2Fwp%2Fv2%2Ftags&post=95939"}],"curies":[{"name":"wp","href":"https:\/\/api.w.org\/{rel}","templated":true}]}}