{"id":95938,"date":"2018-04-09T22:01:30","date_gmt":"2018-04-10T01:01:30","guid":{"rendered":"http:\/\/diarioregionaljf.com.br\/2018\/04\/09\/edital-de-convocacao-fonseca-laticinios-10-04-18\/"},"modified":"2018-08-13T20:31:50","modified_gmt":"2018-08-13T23:31:50","slug":"edital-de-convocacao-fonseca-laticinios-10-04-18","status":"publish","type":"post","link":"https:\/\/diarioregionaldigital.com.br\/?p=95938","title":{"rendered":"Edital de Convoca\u00e7\u00e3o Fonseca Laticinios 10\/04\/18"},"content":{"rendered":"<p style=\"text-align: center;\"><span class=\"h4\">EDITAL DE CONVOCA\u00c7\u00c3O<\/span><br \/>Ficam convocados os acionistas de RIBEIRO FONSECA LATICINIOS S\/A, CNPJ 24.572.505\/0001-99, para a ASSEMBL\u00c9IA GERAL EXTRAORDIN\u00c1RIA , a se realizar \u00e0s 08:00 horas do dia 17\/04\/2018, na sua sede \u00e0 Rua Silva Fortes,70 \u2013 Centro-Santos Dumont-MG, para deliberarem sobre a seguinte ordem do dia: 1) Reelei\u00e7\u00e3o da diretoria para o tri\u00eanio 2018\/2021 e fixa\u00e7\u00e3o dos honor\u00e1rios . Santos Dumont, 26\/03\/18\u2013 Oscar Anderle &#8211; Diretor<\/p>\n","protected":false},"excerpt":{"rendered":"<p>EDITAL DE CONVOCA\u00c7\u00c3OFicam convocados os acionistas de RIBEIRO FONSECA LATICINIOS S\/A, CNPJ 24.572.505\/0001-99, para a ASSEMBL\u00c9IA GERAL EXTRAORDIN\u00c1RIA , a se realizar \u00e0s 08:00 horas do dia 17\/04\/2018, na sua sede \u00e0 Rua Silva Fortes,70 \u2013 Centro-Santos Dumont-MG, para deliberarem sobre a seguinte ordem do dia: 1) Reelei\u00e7\u00e3o da diretoria para o tri\u00eanio 2018\/2021 e [&hellip;]<\/p>\n","protected":false},"author":96,"featured_media":0,"comment_status":"closed","ping_status":"closed","sticky":false,"template":"","format":"standard","meta":{"footnotes":""},"categories":[307],"tags":[],"class_list":["post-95938","post","type-post","status-publish","format-standard","hentry","category-editais"],"_links":{"self":[{"href":"https:\/\/diarioregionaldigital.com.br\/index.php?rest_route=\/wp\/v2\/posts\/95938","targetHints":{"allow":["GET"]}}],"collection":[{"href":"https:\/\/diarioregionaldigital.com.br\/index.php?rest_route=\/wp\/v2\/posts"}],"about":[{"href":"https:\/\/diarioregionaldigital.com.br\/index.php?rest_route=\/wp\/v2\/types\/post"}],"author":[{"embeddable":true,"href":"https:\/\/diarioregionaldigital.com.br\/index.php?rest_route=\/wp\/v2\/users\/96"}],"replies":[{"embeddable":true,"href":"https:\/\/diarioregionaldigital.com.br\/index.php?rest_route=%2Fwp%2Fv2%2Fcomments&post=95938"}],"version-history":[{"count":0,"href":"https:\/\/diarioregionaldigital.com.br\/index.php?rest_route=\/wp\/v2\/posts\/95938\/revisions"}],"wp:attachment":[{"href":"https:\/\/diarioregionaldigital.com.br\/index.php?rest_route=%2Fwp%2Fv2%2Fmedia&parent=95938"}],"wp:term":[{"taxonomy":"category","embeddable":true,"href":"https:\/\/diarioregionaldigital.com.br\/index.php?rest_route=%2Fwp%2Fv2%2Fcategories&post=95938"},{"taxonomy":"post_tag","embeddable":true,"href":"https:\/\/diarioregionaldigital.com.br\/index.php?rest_route=%2Fwp%2Fv2%2Ftags&post=95938"}],"curies":[{"name":"wp","href":"https:\/\/api.w.org\/{rel}","templated":true}]}}