{"id":95921,"date":"2018-04-09T21:23:07","date_gmt":"2018-04-10T00:23:07","guid":{"rendered":"http:\/\/diarioregionaljf.com.br\/2018\/04\/09\/prazo-para-tirar-titulo-de-eleitor-e-transferir-domicilio-termina-em-9-de-maio\/"},"modified":"2018-04-09T21:23:07","modified_gmt":"2018-04-10T00:23:07","slug":"prazo-para-tirar-titulo-de-eleitor-e-transferir-domicilio-termina-em-9-de-maio","status":"publish","type":"post","link":"https:\/\/diarioregionaldigital.com.br\/?p=95921","title":{"rendered":"Prazo para tirar t\u00edtulo de eleitor e transferir domic\u00edlio termina em 9 de maio"},"content":{"rendered":"<p>O eleitor tem at\u00e9 o pr\u00f3ximo dia 9 de maio para requerer a sua inscri\u00e7\u00e3o eleitoral, alterar dados cadastrais ou transferir o domic\u00edlio eleitoral para estar apto a votar nas elei\u00e7\u00f5es de outubro. A data tamb\u00e9m ser\u00e1 o \u00faltimo dia para o eleitor com defici\u00eancia ou mobilidade reduzida solicitar sua transfer\u00eancia para se\u00e7\u00e3o com acessibilidade.<\/p>\n<p>Ainda de acordo com o calend\u00e1rio eleitoral, 9 de maio ser\u00e1 o prazo final para que os presos provis\u00f3rios e os adolescentes internados que n\u00e3o tiverem inscri\u00e7\u00e3o eleitoral regular sejam alistados ou requeiram a regulariza\u00e7\u00e3o de sua situa\u00e7\u00e3o para votar nas elei\u00e7\u00f5es de 2018. Os prazos constam da Resolu\u00e7\u00e3o 23.555\/2017 do Tribunal Superior Eleitoral (TSE).<\/p>\n<p>A inclus\u00e3o e a atualiza\u00e7\u00e3o da identidade de g\u00eanero no cadastro eleitoral tamb\u00e9m devem ser feitas at\u00e9 o dia 9 de maio para valer nas elei\u00e7\u00f5es de outubro. Travestis e transexuais podem incluir o nome social no t\u00edtulo de eleitor e no caderno de vota\u00e7\u00e3o das elei\u00e7\u00f5es desde o dia 3 de abril.<\/p>\n<p>Quem perder esse prazo s\u00f3 poder\u00e1 fazer a altera\u00e7\u00e3o ap\u00f3s as elei\u00e7\u00f5es, para os pr\u00f3ximos pleitos. O nome social \u00e9 aquele pelo qual o transexual ou travesti \u00e9 reconhecido socialmente, diferente do nome civil, que consta na certid\u00e3o de nascimento. J\u00e1 a identidade de g\u00eanero estabelece com que g\u00eanero a pessoa se identifica, masculino ou feminino.<\/p>\n<p>Nesta ter\u00e7a-feira, 10, a 180 dias das elei\u00e7\u00f5es, \u00e9 o \u00faltimo dia para o \u00f3rg\u00e3o de dire\u00e7\u00e3o nacional do partido pol\u00edtico publicar, no Di\u00e1rio Oficial da Uni\u00e3o, as normas para a escolha e substitui\u00e7\u00e3o de candidatos e para a forma\u00e7\u00e3o de coliga\u00e7\u00f5es. Tamb\u00e9m amanh\u00e3 \u00e9 a data a partir da qual, at\u00e9 a posse dos eleitos, os servidores p\u00fablicos n\u00e3o poder\u00e3o receber reajuste salarial.<\/p>\n<p>Fonte: Ag\u00eancia Brasil<\/p>\n","protected":false},"excerpt":{"rendered":"<p>O eleitor tem at\u00e9 o pr\u00f3ximo dia 9 de maio para requerer a sua inscri\u00e7\u00e3o eleitoral, alterar dados cadastrais ou transferir o domic\u00edlio eleitoral para estar apto a votar nas elei\u00e7\u00f5es de outubro. A data tamb\u00e9m ser\u00e1 o \u00faltimo dia para o eleitor com defici\u00eancia ou mobilidade reduzida solicitar sua transfer\u00eancia para se\u00e7\u00e3o com acessibilidade. [&hellip;]<\/p>\n","protected":false},"author":96,"featured_media":95920,"comment_status":"closed","ping_status":"closed","sticky":false,"template":"","format":"standard","meta":{"footnotes":""},"categories":[254],"tags":[],"class_list":["post-95921","post","type-post","status-publish","format-standard","has-post-thumbnail","hentry","category-politica"],"_links":{"self":[{"href":"https:\/\/diarioregionaldigital.com.br\/index.php?rest_route=\/wp\/v2\/posts\/95921","targetHints":{"allow":["GET"]}}],"collection":[{"href":"https:\/\/diarioregionaldigital.com.br\/index.php?rest_route=\/wp\/v2\/posts"}],"about":[{"href":"https:\/\/diarioregionaldigital.com.br\/index.php?rest_route=\/wp\/v2\/types\/post"}],"author":[{"embeddable":true,"href":"https:\/\/diarioregionaldigital.com.br\/index.php?rest_route=\/wp\/v2\/users\/96"}],"replies":[{"embeddable":true,"href":"https:\/\/diarioregionaldigital.com.br\/index.php?rest_route=%2Fwp%2Fv2%2Fcomments&post=95921"}],"version-history":[{"count":0,"href":"https:\/\/diarioregionaldigital.com.br\/index.php?rest_route=\/wp\/v2\/posts\/95921\/revisions"}],"wp:featuredmedia":[{"embeddable":true,"href":"https:\/\/diarioregionaldigital.com.br\/index.php?rest_route=\/wp\/v2\/media\/95920"}],"wp:attachment":[{"href":"https:\/\/diarioregionaldigital.com.br\/index.php?rest_route=%2Fwp%2Fv2%2Fmedia&parent=95921"}],"wp:term":[{"taxonomy":"category","embeddable":true,"href":"https:\/\/diarioregionaldigital.com.br\/index.php?rest_route=%2Fwp%2Fv2%2Fcategories&post=95921"},{"taxonomy":"post_tag","embeddable":true,"href":"https:\/\/diarioregionaldigital.com.br\/index.php?rest_route=%2Fwp%2Fv2%2Ftags&post=95921"}],"curies":[{"name":"wp","href":"https:\/\/api.w.org\/{rel}","templated":true}]}}