{"id":95917,"date":"2018-04-09T21:05:16","date_gmt":"2018-04-10T00:05:16","guid":{"rendered":"http:\/\/diarioregionaljf.com.br\/2018\/04\/09\/ufjf-divulga-conteudo-para-pism-2019\/"},"modified":"2018-04-09T21:05:16","modified_gmt":"2018-04-10T00:05:16","slug":"ufjf-divulga-conteudo-para-pism-2019","status":"publish","type":"post","link":"https:\/\/diarioregionaldigital.com.br\/?p=95917","title":{"rendered":"UFJF divulga conte\u00fado para Pism 2019"},"content":{"rendered":"<p>A Coordena\u00e7\u00e3o Geral de Processos Seletivos (Copese) divulgou o <a href=\"http:\/\/www.ufjf.br\/copese\/vestibular-pism-2\/vestibular-pism-2019\/\">conte\u00fado program\u00e1tico<\/a> do Programa de Ingresso Seletivo Misto (Pism), da Universidade Federal de Juiz de Fora (UFJF). A rela\u00e7\u00e3o est\u00e1 dispon\u00edvel no site da coordena\u00e7\u00e3o. O conte\u00fado cobrado em todos os tr\u00eas m\u00f3dulos anuais manteve-se o mesmo da edi\u00e7\u00e3o anterior.<\/p>\n<p>Por ser dividido em tr\u00eas m\u00f3dulos, o conte\u00fado das provas do Pism possibilita abordar progressivamente temas estudados durante todo o ensino m\u00e9dio. Em Biologia, por exemplo, o M\u00f3dulo I traz como tema geral \u201cBiologia celular e Histologia\u201d, enquanto o M\u00f3dulo II aborda \u201cDiversidade e Intera\u00e7\u00e3o entre os seres vivos\u201d, e o no m\u00f3dulo III cobra \u00e1reas como evolu\u00e7\u00e3o, gen\u00e9tica e ecologia.<\/p>\n<p>Os editais do Pism e do Vestibular de M\u00fasica, com datas de inscri\u00e7\u00e3o, n\u00famero de vagas e outras informa\u00e7\u00f5es, est\u00e3o previstos para serem lan\u00e7ados a partir de junho.<\/p>\n<h4>&nbsp;<\/h4>\n<h4>D\u00daVIDAS E INGRESSO<\/h4>\n<p>No site da Copese, o candidato pode esclarecer d\u00favidas frequentes sobre o Pism e o processo seletivo de M\u00fasica, al\u00e9m de obter informa\u00e7\u00f5es sobre o sistema de cotas (a\u00e7\u00f5es afirmativas) e a migra\u00e7\u00e3o de vagas entre os grupos.<\/p>\n<p>O Pism \u00e9 um programa de ingresso pr\u00f3prio da UFJF, em que o candidato faz uma prova ao fim de cada ano do ensino m\u00e9dio. Outra possibilidade de ingresso \u00e9 por meio do Sistema de Sele\u00e7\u00e3o Unificada (Sisu), que se baseia na nota obtida pelo candidato no mais recente Exame Nacional do Ensino M\u00e9dio (Enem). Interessados nos cursos de M\u00fasica podem concorrer \u00e0s vagas tanto pelo Pism quanto pela nota do Enem.<\/p>\n<p>Fonte: Assessoria<\/p>\n","protected":false},"excerpt":{"rendered":"<p>A Coordena\u00e7\u00e3o Geral de Processos Seletivos (Copese) divulgou o conte\u00fado program\u00e1tico do Programa de Ingresso Seletivo Misto (Pism), da Universidade Federal de Juiz de Fora (UFJF). A rela\u00e7\u00e3o est\u00e1 dispon\u00edvel no site da coordena\u00e7\u00e3o. O conte\u00fado cobrado em todos os tr\u00eas m\u00f3dulos anuais manteve-se o mesmo da edi\u00e7\u00e3o anterior. Por ser dividido em tr\u00eas m\u00f3dulos, [&hellip;]<\/p>\n","protected":false},"author":96,"featured_media":95916,"comment_status":"closed","ping_status":"closed","sticky":false,"template":"","format":"standard","meta":{"footnotes":""},"categories":[253],"tags":[],"class_list":["post-95917","post","type-post","status-publish","format-standard","has-post-thumbnail","hentry","category-cidade"],"_links":{"self":[{"href":"https:\/\/diarioregionaldigital.com.br\/index.php?rest_route=\/wp\/v2\/posts\/95917","targetHints":{"allow":["GET"]}}],"collection":[{"href":"https:\/\/diarioregionaldigital.com.br\/index.php?rest_route=\/wp\/v2\/posts"}],"about":[{"href":"https:\/\/diarioregionaldigital.com.br\/index.php?rest_route=\/wp\/v2\/types\/post"}],"author":[{"embeddable":true,"href":"https:\/\/diarioregionaldigital.com.br\/index.php?rest_route=\/wp\/v2\/users\/96"}],"replies":[{"embeddable":true,"href":"https:\/\/diarioregionaldigital.com.br\/index.php?rest_route=%2Fwp%2Fv2%2Fcomments&post=95917"}],"version-history":[{"count":0,"href":"https:\/\/diarioregionaldigital.com.br\/index.php?rest_route=\/wp\/v2\/posts\/95917\/revisions"}],"wp:featuredmedia":[{"embeddable":true,"href":"https:\/\/diarioregionaldigital.com.br\/index.php?rest_route=\/wp\/v2\/media\/95916"}],"wp:attachment":[{"href":"https:\/\/diarioregionaldigital.com.br\/index.php?rest_route=%2Fwp%2Fv2%2Fmedia&parent=95917"}],"wp:term":[{"taxonomy":"category","embeddable":true,"href":"https:\/\/diarioregionaldigital.com.br\/index.php?rest_route=%2Fwp%2Fv2%2Fcategories&post=95917"},{"taxonomy":"post_tag","embeddable":true,"href":"https:\/\/diarioregionaldigital.com.br\/index.php?rest_route=%2Fwp%2Fv2%2Ftags&post=95917"}],"curies":[{"name":"wp","href":"https:\/\/api.w.org\/{rel}","templated":true}]}}