{"id":95914,"date":"2018-04-09T21:01:19","date_gmt":"2018-04-10T00:01:19","guid":{"rendered":"http:\/\/diarioregionaljf.com.br\/2018\/04\/09\/mutirao-oferece-teste-de-acuidade-visual-gratuito-em-jf\/"},"modified":"2018-04-09T21:01:19","modified_gmt":"2018-04-10T00:01:19","slug":"mutirao-oferece-teste-de-acuidade-visual-gratuito-em-jf","status":"publish","type":"post","link":"https:\/\/diarioregionaldigital.com.br\/?p=95914","title":{"rendered":"Mutir\u00e3o oferece teste de acuidade visual gratuito em JF"},"content":{"rendered":"<p>Interessados em participar de testes de acuidade visual, exame que avalia a capacidade da vis\u00e3o de perceber a forma e o contorno dos objetos, com m\u00e9dico oftalmologista poder\u00e3o ser atendidos no mutir\u00e3o &#8220;Atendimentos oftalmol\u00f3gicos&#8221;, que acontece nesta ter\u00e7a-feira, 10, das 9h \u00e0s 13h, na sede da Sociedade de Medicina e Cirurgia de Juiz de Fora (SMCJF), situada na Rua Braz Bernardino, 59, no Centro da cidade. A a\u00e7\u00e3o \u00e9 gratuita e faz parte do \u201cAbril Marrom\u201d, m\u00eas de preven\u00e7\u00e3o \u00e0s doen\u00e7as oculares que podem levar \u00e0 cegueira. Os atendimentos ser\u00e3o organizados por ordem de chegada com distribui\u00e7\u00e3o de senha.<\/p>\n<p>De acordo com o m\u00e9dico oftalmologista e diretor cl\u00ednico da Associa\u00e7\u00e3o dos Cegos, Luciano Arantes, idealizador da iniciativa junto da SMCJF, hoje, no Brasil, h\u00e1 mais de 1,2 milh\u00e3o de cegos, sendo que grande maioria poderia estar enxergando se fossem diagnosticados da forma correta, por isso, a import\u00e2ncia da a\u00e7\u00e3o. \u201cA data \u00e9 voltada para a preven\u00e7\u00e3o das doen\u00e7as oculares. Cerca de 80% das cegueiras nos pais poderiam ser evitadas com diagn\u00f3stico precoce e tratamento adequado.<\/p>\n<p>Sem falar nas 33 mil crian\u00e7as brasileiras que est\u00e3o cegas por doen\u00e7as evit\u00e1veis. \u00c9 muito importante chamar aten\u00e7\u00e3o das pessoas sobre a necessidade de fazer exame de vista peri\u00f3dico, por isso tem essas campanhas de orienta\u00e7\u00e3o. Nesta ter\u00e7a, est\u00e1 sendo disponibilizado o teste de acuidade visual, exame simples para saber se o paciente est\u00e1 enxergando com os dois olhos ou se tem alguma anomalia, e caso tenha alguma dificuldade, ele vai receber e encaminhamento para oftalmologista\u201d, explica.<\/p>\n<p>Segundo ele, catarata, doen\u00e7a caracterizada pela perda de transpar\u00eancia (opacidade) do cristalino (lente localizada atr\u00e1s da \u00edris) retinopatia diab\u00e9tica, enfermidade assintom\u00e1tica inicialmente, mas, que em est\u00e1gio avan\u00e7ado, ocasiona altera\u00e7\u00f5es visuais s\u00fabitas e indolores, glaucoma, dist\u00farbio que atinge o nervo \u00f3ptico e envolve a perda de c\u00e9lulas da retina respons\u00e1veis por enviar os impulsos nervosos ao c\u00e9rebro,respons\u00e1vel pela perda da vis\u00e3o perif\u00e9ricae presbiopia ou \u201cvista cansada&#8221;, associada ao envelhecimento, em que o olho apresenta capacidade diminu\u00edda para focar objetos pr\u00f3ximos, s\u00e3o as doen\u00e7as que mais acometem os brasileiros. Por isso, diab\u00e9ticos, adultos acima de 40 anos e idosos acima de 60 anos devem ter ainda maior aten\u00e7\u00e3o aos cuidados com a vis\u00e3o. \u201cAs doen\u00e7as caminham silenciosamente e as pessoas s\u00f3 procuram o m\u00e9dico quando j\u00e1 perderam parte da vis\u00e3o. Al\u00e9m disso, s\u00e3o bastante frequentes no cotidiano da popula\u00e7\u00e3o\u201d, diz.<\/p>\n<p>A ambliopia, disfun\u00e7\u00e3o visual causada pelo desenvolvimento anormal de um dos olhos, conhecida como \u201colho vago\u201d ou \u201colho pregui\u00e7oso\u201d, acomete crian\u00e7as durante a primeira inf\u00e2ncia. Arantes refor\u00e7a que a aten\u00e7\u00e3o precisa ser redobrada. \u201cO diagn\u00f3stico precisa ser o mais r\u00e1pido poss\u00edvel, at\u00e9 os quatro anos, j\u00e1 que o desenvolvimento da vis\u00e3o ocorre somente at\u00e9 os sete anos. Se descoberta at\u00e9 essa faixa et\u00e1ria, pode ser revers\u00edvel\u201d, ressalta, acrescentando que \u00e0s 19 horas, uma palestra ser\u00e1 ministrada com o tema \u201cCuidados com a vis\u00e3o ao longo da vida\u201d, que vai abordar as doen\u00e7as oculares desde a fase de rec\u00e9m-nascido at\u00e9 a terceira idade.<\/p>\n<p>Para o Presidente SMCJF, \u00c9lson Corr\u00eaa de Mello Junior, a a\u00e7\u00e3o estimula a preven\u00e7\u00e3o em sa\u00fade, atingindo a todos os envolvidos. \u201cUma das vertentes da SMCJF\u00e9 o ponto de contato dos m\u00e9dicos com a sociedade juiz-forana. E isso que a gente pretende oferecer, apoiando a iniciativa, que aborda um tema delicado, que traz transtornos para milh\u00f5es de brasileiros. A gente sempre procura desenvolver a\u00e7\u00f5es na \u00e1rea de sa\u00fade e interven\u00e7\u00e3o nas pol\u00edticas de meio ambiente que podem interferir na sa\u00fade p\u00fablica\u201d.<\/p>\n<h5>TESTE DE ACUIDADE VISUAL (ADULTOS E CRIAN\u00c7AS)<\/h5>\n<p><strong>Campanha:<\/strong>Os atendimentos ser\u00e3o por ordem de chegada com distribui\u00e7\u00e3o de senha;<br \/><strong>Hor\u00e1rio:<\/strong> Das 9h \u00e0s 13h;<br \/><strong>Palestra:<\/strong> Cuidados com a vis\u00e3o ao longo da vida, \u00e0s 19h, aberta ao p\u00fablico em geral. Local: Sociedade de Medicina e Cirurgia de Juiz de Fora Braz Bernardino,59 \u2013 Centro.<\/p>\n","protected":false},"excerpt":{"rendered":"<p>Interessados em participar de testes de acuidade visual, exame que avalia a capacidade da vis\u00e3o de perceber a forma e o contorno dos objetos, com m\u00e9dico oftalmologista poder\u00e3o ser atendidos no mutir\u00e3o &#8220;Atendimentos oftalmol\u00f3gicos&#8221;, que acontece nesta ter\u00e7a-feira, 10, das 9h \u00e0s 13h, na sede da Sociedade de Medicina e Cirurgia de Juiz de Fora [&hellip;]<\/p>\n","protected":false},"author":96,"featured_media":95913,"comment_status":"closed","ping_status":"closed","sticky":false,"template":"","format":"standard","meta":{"footnotes":""},"categories":[253],"tags":[],"class_list":["post-95914","post","type-post","status-publish","format-standard","has-post-thumbnail","hentry","category-cidade"],"_links":{"self":[{"href":"https:\/\/diarioregionaldigital.com.br\/index.php?rest_route=\/wp\/v2\/posts\/95914","targetHints":{"allow":["GET"]}}],"collection":[{"href":"https:\/\/diarioregionaldigital.com.br\/index.php?rest_route=\/wp\/v2\/posts"}],"about":[{"href":"https:\/\/diarioregionaldigital.com.br\/index.php?rest_route=\/wp\/v2\/types\/post"}],"author":[{"embeddable":true,"href":"https:\/\/diarioregionaldigital.com.br\/index.php?rest_route=\/wp\/v2\/users\/96"}],"replies":[{"embeddable":true,"href":"https:\/\/diarioregionaldigital.com.br\/index.php?rest_route=%2Fwp%2Fv2%2Fcomments&post=95914"}],"version-history":[{"count":0,"href":"https:\/\/diarioregionaldigital.com.br\/index.php?rest_route=\/wp\/v2\/posts\/95914\/revisions"}],"wp:featuredmedia":[{"embeddable":true,"href":"https:\/\/diarioregionaldigital.com.br\/index.php?rest_route=\/wp\/v2\/media\/95913"}],"wp:attachment":[{"href":"https:\/\/diarioregionaldigital.com.br\/index.php?rest_route=%2Fwp%2Fv2%2Fmedia&parent=95914"}],"wp:term":[{"taxonomy":"category","embeddable":true,"href":"https:\/\/diarioregionaldigital.com.br\/index.php?rest_route=%2Fwp%2Fv2%2Fcategories&post=95914"},{"taxonomy":"post_tag","embeddable":true,"href":"https:\/\/diarioregionaldigital.com.br\/index.php?rest_route=%2Fwp%2Fv2%2Ftags&post=95914"}],"curies":[{"name":"wp","href":"https:\/\/api.w.org\/{rel}","templated":true}]}}