{"id":95912,"date":"2018-04-09T20:54:22","date_gmt":"2018-04-09T23:54:22","guid":{"rendered":"http:\/\/diarioregionaljf.com.br\/2018\/04\/09\/acidente-deixa-dois-feridos-na-br-116-entre-leopoldina-e-alem-paraiba\/"},"modified":"2018-04-09T20:54:22","modified_gmt":"2018-04-09T23:54:22","slug":"acidente-deixa-dois-feridos-na-br-116-entre-leopoldina-e-alem-paraiba","status":"publish","type":"post","link":"https:\/\/diarioregionaldigital.com.br\/?p=95912","title":{"rendered":"Acidente deixa dois feridos na BR-116 entre Leopoldina e Al\u00e9m Para\u00edba"},"content":{"rendered":"<p>Duas pessoas ficaram feridas ap\u00f3s um acidente na noite desse domingo, 8, na BR-116, entre Leopoldina e Al\u00e9m Para\u00edba. Pol\u00edcia Rodovi\u00e1ria Federal, Corpo de Bombeiros de Leopoldina e SAMU de Al\u00e9m Para\u00edba foram acionados e atenderam a ocorr\u00eancia.<\/p>\n<p>Segundo as informa\u00e7\u00f5es, o ve\u00edculo Fiat Uno, placas de Al\u00e9m Para\u00edba, seguia sentido \u00e0quele munic\u00edpio quando bateu no guarda-corpo de uma ponte localizada no Km 802,8. Os dois ocupantes, uma mulher de 34 anos e um homem de 72, foram socorridos e encaminhados pelo SAMU para o Hospital S\u00e3o Salvador em Al\u00e9m Para\u00edba. As causas do acidente n\u00e3o foram informadas.<\/p>\n<p>A Reportagem n\u00e3o conseguiu informa\u00e7\u00f5es sobre o estado de sa\u00fade das v\u00edtimas.<\/p>\n<p>Fonte: O Vigilante Online<\/p>\n","protected":false},"excerpt":{"rendered":"<p>Duas pessoas ficaram feridas ap\u00f3s um acidente na noite desse domingo, 8, na BR-116, entre Leopoldina e Al\u00e9m Para\u00edba. Pol\u00edcia Rodovi\u00e1ria Federal, Corpo de Bombeiros de Leopoldina e SAMU de Al\u00e9m Para\u00edba foram acionados e atenderam a ocorr\u00eancia. Segundo as informa\u00e7\u00f5es, o ve\u00edculo Fiat Uno, placas de Al\u00e9m Para\u00edba, seguia sentido \u00e0quele munic\u00edpio quando bateu [&hellip;]<\/p>\n","protected":false},"author":96,"featured_media":95911,"comment_status":"closed","ping_status":"closed","sticky":false,"template":"","format":"standard","meta":{"footnotes":""},"categories":[252],"tags":[],"class_list":["post-95912","post","type-post","status-publish","format-standard","has-post-thumbnail","hentry","category-regiao"],"_links":{"self":[{"href":"https:\/\/diarioregionaldigital.com.br\/index.php?rest_route=\/wp\/v2\/posts\/95912","targetHints":{"allow":["GET"]}}],"collection":[{"href":"https:\/\/diarioregionaldigital.com.br\/index.php?rest_route=\/wp\/v2\/posts"}],"about":[{"href":"https:\/\/diarioregionaldigital.com.br\/index.php?rest_route=\/wp\/v2\/types\/post"}],"author":[{"embeddable":true,"href":"https:\/\/diarioregionaldigital.com.br\/index.php?rest_route=\/wp\/v2\/users\/96"}],"replies":[{"embeddable":true,"href":"https:\/\/diarioregionaldigital.com.br\/index.php?rest_route=%2Fwp%2Fv2%2Fcomments&post=95912"}],"version-history":[{"count":0,"href":"https:\/\/diarioregionaldigital.com.br\/index.php?rest_route=\/wp\/v2\/posts\/95912\/revisions"}],"wp:featuredmedia":[{"embeddable":true,"href":"https:\/\/diarioregionaldigital.com.br\/index.php?rest_route=\/wp\/v2\/media\/95911"}],"wp:attachment":[{"href":"https:\/\/diarioregionaldigital.com.br\/index.php?rest_route=%2Fwp%2Fv2%2Fmedia&parent=95912"}],"wp:term":[{"taxonomy":"category","embeddable":true,"href":"https:\/\/diarioregionaldigital.com.br\/index.php?rest_route=%2Fwp%2Fv2%2Fcategories&post=95912"},{"taxonomy":"post_tag","embeddable":true,"href":"https:\/\/diarioregionaldigital.com.br\/index.php?rest_route=%2Fwp%2Fv2%2Ftags&post=95912"}],"curies":[{"name":"wp","href":"https:\/\/api.w.org\/{rel}","templated":true}]}}