{"id":95910,"date":"2018-04-09T20:45:14","date_gmt":"2018-04-09T23:45:14","guid":{"rendered":"http:\/\/diarioregionaljf.com.br\/2018\/04\/09\/camara-de-visconde-do-rio-branco-anuncia-concurso-publico\/"},"modified":"2018-04-09T20:45:14","modified_gmt":"2018-04-09T23:45:14","slug":"camara-de-visconde-do-rio-branco-anuncia-concurso-publico","status":"publish","type":"post","link":"https:\/\/diarioregionaldigital.com.br\/?p=95910","title":{"rendered":"C\u00e2mara de Visconde do Rio Branco anuncia concurso p\u00fablico"},"content":{"rendered":"<p>A C\u00e2mara Municipal de Visconde do Rio Branco divulgou edital n\u00ba 01\/2018 de concurso p\u00fablico destinado ao preenchimento de cinco vagas em cargos de todos os n\u00edveis de escolaridade.<\/p>\n<p>As oportunidades s\u00e3o nas fun\u00e7\u00f5es de Auxiliar de Servi\u00e7os Gerais (1); Assistente de Arquivo e Patrim\u00f4nio (1); Analista de Comunica\u00e7\u00e3o (1); Advogado (1) e Analista de Controle Interno (1). A remunera\u00e7\u00e3o varia entre R$1.378 e R$2.438. As jornadas de trabalho s\u00e3o de 20 a 40 horas semanais.<\/p>\n<p>As inscri\u00e7\u00f5es poder\u00e3o ser realizadas no per\u00edodo de 6 de junho a 5 de julho deste ano pelo site www.institutoibdo.com.br. Tamb\u00e9m \u00e9 poss\u00edvel fazer a inscri\u00e7\u00e3o presencialmente, na C\u00e2mara Municipal de Visconde do Rio Branco, que fica na Pra\u00e7a 28 de Setembro, Galeria Eden Clube, n\u00ba 13, no hor\u00e1rio das 08h \u00e0s 11h e das 13h \u00e0s 16h. A taxa de inscri\u00e7\u00e3o varia entre R$40 a R$70.<\/p>\n<p>Fonte: O Vigilante Online<\/p>\n","protected":false},"excerpt":{"rendered":"<p>A C\u00e2mara Municipal de Visconde do Rio Branco divulgou edital n\u00ba 01\/2018 de concurso p\u00fablico destinado ao preenchimento de cinco vagas em cargos de todos os n\u00edveis de escolaridade. As oportunidades s\u00e3o nas fun\u00e7\u00f5es de Auxiliar de Servi\u00e7os Gerais (1); Assistente de Arquivo e Patrim\u00f4nio (1); Analista de Comunica\u00e7\u00e3o (1); Advogado (1) e Analista de [&hellip;]<\/p>\n","protected":false},"author":96,"featured_media":95909,"comment_status":"closed","ping_status":"closed","sticky":false,"template":"","format":"standard","meta":{"footnotes":""},"categories":[252],"tags":[],"class_list":["post-95910","post","type-post","status-publish","format-standard","has-post-thumbnail","hentry","category-regiao"],"_links":{"self":[{"href":"https:\/\/diarioregionaldigital.com.br\/index.php?rest_route=\/wp\/v2\/posts\/95910","targetHints":{"allow":["GET"]}}],"collection":[{"href":"https:\/\/diarioregionaldigital.com.br\/index.php?rest_route=\/wp\/v2\/posts"}],"about":[{"href":"https:\/\/diarioregionaldigital.com.br\/index.php?rest_route=\/wp\/v2\/types\/post"}],"author":[{"embeddable":true,"href":"https:\/\/diarioregionaldigital.com.br\/index.php?rest_route=\/wp\/v2\/users\/96"}],"replies":[{"embeddable":true,"href":"https:\/\/diarioregionaldigital.com.br\/index.php?rest_route=%2Fwp%2Fv2%2Fcomments&post=95910"}],"version-history":[{"count":0,"href":"https:\/\/diarioregionaldigital.com.br\/index.php?rest_route=\/wp\/v2\/posts\/95910\/revisions"}],"wp:featuredmedia":[{"embeddable":true,"href":"https:\/\/diarioregionaldigital.com.br\/index.php?rest_route=\/wp\/v2\/media\/95909"}],"wp:attachment":[{"href":"https:\/\/diarioregionaldigital.com.br\/index.php?rest_route=%2Fwp%2Fv2%2Fmedia&parent=95910"}],"wp:term":[{"taxonomy":"category","embeddable":true,"href":"https:\/\/diarioregionaldigital.com.br\/index.php?rest_route=%2Fwp%2Fv2%2Fcategories&post=95910"},{"taxonomy":"post_tag","embeddable":true,"href":"https:\/\/diarioregionaldigital.com.br\/index.php?rest_route=%2Fwp%2Fv2%2Ftags&post=95910"}],"curies":[{"name":"wp","href":"https:\/\/api.w.org\/{rel}","templated":true}]}}