{"id":95906,"date":"2018-04-09T20:30:05","date_gmt":"2018-04-09T23:30:05","guid":{"rendered":"http:\/\/diarioregionaljf.com.br\/2018\/04\/09\/senado-pode-votar-proibicao-de-contingenciamento-de-recursos-para-seguranca\/"},"modified":"2018-04-09T20:30:05","modified_gmt":"2018-04-09T23:30:05","slug":"senado-pode-votar-proibicao-de-contingenciamento-de-recursos-para-seguranca","status":"publish","type":"post","link":"https:\/\/diarioregionaldigital.com.br\/?p=95906","title":{"rendered":"Senado pode votar proibi\u00e7\u00e3o de contingenciamento de recursos para seguran\u00e7a"},"content":{"rendered":"<p>Ap\u00f3s ter o regime de urg\u00eancia aprovado na semana passada, o projeto de lei que pro\u00edbe o contingenciamento dos recursos destinados \u00e0 seguran\u00e7a p\u00fablica no Or\u00e7amento da Uni\u00e3o (PLS 90\/2007) deve ser votado nesta semana pelos senadores.<\/p>\n<p>\u201cAprovar neste momento um projeto que pro\u00edbe contingenciamento em uma \u00e1rea t\u00e3o sens\u00edvel a todos os brasileiros, como \u00e9 a seguran\u00e7a p\u00fablica, \u00e9 importante para que a gente possa dar a condi\u00e7\u00e3o de que o Brasil volte a ter tranquilidade\u201d, disse o presidente do Senado, Eun\u00edcio Oliveira na semana passada ao refor\u00e7ar que a Casa continua empenhada em aprovar propostas na \u00e1rea de seguran\u00e7a.<\/p>\n<h4>&nbsp;<\/h4>\n<h4>EDUCA\u00c7\u00c3O<\/h4>\n<p>A pauta tamb\u00e9m tem propostas na \u00e1rea de educa\u00e7\u00e3o. Uma delas determina que os curr\u00edculos dos ensinos fundamental e m\u00e9dio ter\u00e3o que incluir o assunto educa\u00e7\u00e3o alimentar e nutricional nas disciplinas de ci\u00eancias e biologia (PLC 102\/2017). O objetivo \u00e9 reduzir a obesidade infantil e assegurar aos alunos informa\u00e7\u00f5es sobre alimenta\u00e7\u00e3o saud\u00e1vel.<\/p>\n<p>Outra proposta que est\u00e1 pautada no plen\u00e1rio do Senado, incentiva a instala\u00e7\u00e3o de \u201cbibliotecas de qualidade\u201d nas escolas do pa\u00eds (PLC 28\/2012). O texto diz que elas dever\u00e3o ter, no m\u00ednimo, 80 metros quadrados, al\u00e9m de equipamentos de acessibilidade, conforto t\u00e9rmico e ac\u00fastico e ilumina\u00e7\u00e3o adequada.<\/p>\n<p>O texto tamb\u00e9m fala da obrigatoriedade do local ter condicionador de ar, um projetor, dois computadores com acesso \u00e0 internet, duas impressoras e dois estabilizadores de corrente el\u00e9trica, al\u00e9m de mobili\u00e1rio adequado.<\/p>\n<p>Fonte: Ag\u00eancia Brasil<\/p>\n","protected":false},"excerpt":{"rendered":"<p>Ap\u00f3s ter o regime de urg\u00eancia aprovado na semana passada, o projeto de lei que pro\u00edbe o contingenciamento dos recursos destinados \u00e0 seguran\u00e7a p\u00fablica no Or\u00e7amento da Uni\u00e3o (PLS 90\/2007) deve ser votado nesta semana pelos senadores. \u201cAprovar neste momento um projeto que pro\u00edbe contingenciamento em uma \u00e1rea t\u00e3o sens\u00edvel a todos os brasileiros, como [&hellip;]<\/p>\n","protected":false},"author":96,"featured_media":95905,"comment_status":"closed","ping_status":"closed","sticky":false,"template":"","format":"standard","meta":{"footnotes":""},"categories":[254],"tags":[],"class_list":["post-95906","post","type-post","status-publish","format-standard","has-post-thumbnail","hentry","category-politica"],"_links":{"self":[{"href":"https:\/\/diarioregionaldigital.com.br\/index.php?rest_route=\/wp\/v2\/posts\/95906","targetHints":{"allow":["GET"]}}],"collection":[{"href":"https:\/\/diarioregionaldigital.com.br\/index.php?rest_route=\/wp\/v2\/posts"}],"about":[{"href":"https:\/\/diarioregionaldigital.com.br\/index.php?rest_route=\/wp\/v2\/types\/post"}],"author":[{"embeddable":true,"href":"https:\/\/diarioregionaldigital.com.br\/index.php?rest_route=\/wp\/v2\/users\/96"}],"replies":[{"embeddable":true,"href":"https:\/\/diarioregionaldigital.com.br\/index.php?rest_route=%2Fwp%2Fv2%2Fcomments&post=95906"}],"version-history":[{"count":0,"href":"https:\/\/diarioregionaldigital.com.br\/index.php?rest_route=\/wp\/v2\/posts\/95906\/revisions"}],"wp:featuredmedia":[{"embeddable":true,"href":"https:\/\/diarioregionaldigital.com.br\/index.php?rest_route=\/wp\/v2\/media\/95905"}],"wp:attachment":[{"href":"https:\/\/diarioregionaldigital.com.br\/index.php?rest_route=%2Fwp%2Fv2%2Fmedia&parent=95906"}],"wp:term":[{"taxonomy":"category","embeddable":true,"href":"https:\/\/diarioregionaldigital.com.br\/index.php?rest_route=%2Fwp%2Fv2%2Fcategories&post=95906"},{"taxonomy":"post_tag","embeddable":true,"href":"https:\/\/diarioregionaldigital.com.br\/index.php?rest_route=%2Fwp%2Fv2%2Ftags&post=95906"}],"curies":[{"name":"wp","href":"https:\/\/api.w.org\/{rel}","templated":true}]}}