{"id":95904,"date":"2018-04-09T20:29:46","date_gmt":"2018-04-09T23:29:46","guid":{"rendered":"http:\/\/diarioregionaljf.com.br\/2018\/04\/09\/verbas-para-seguranca-publica-ja-estao-disponiveis-afirma-presidente-do-bndes\/"},"modified":"2018-04-09T20:29:46","modified_gmt":"2018-04-09T23:29:46","slug":"verbas-para-seguranca-publica-ja-estao-disponiveis-afirma-presidente-do-bndes","status":"publish","type":"post","link":"https:\/\/diarioregionaldigital.com.br\/?p=95904","title":{"rendered":"Verbas para seguran\u00e7a p\u00fablica j\u00e1 est\u00e3o dispon\u00edveis afirma presidente do BNDES"},"content":{"rendered":"<p>O novo presidente do Banco Nacional do Desenvolvimento Econ\u00f4mico e Social (BNDES), Dyogo Oliveira, disse nessa segunda-feira, 9, no Rio de Janeiro, que os R$42 bilh\u00f5es reservados para financiar projetos de seguran\u00e7a p\u00fablica de estados e munic\u00edpios j\u00e1 est\u00e3o dispon\u00edveis, mas dependem da capacidade de endividamento de cada um que apresentar propostas.<\/p>\n<p>Ex-ministro do Planejamento, Dyogo Oliveira tomou posse nesta segunda-feira. O ex-presidente do banco, Paulo Rabello de Castro, entregou o cargo para disputar as elei\u00e7\u00f5es em outubro. O presidente Michel Temer participou da solenidade.<\/p>\n<p>&#8220;O recurso j\u00e1 est\u00e1 dispon\u00edvel. A nossa previs\u00e3o era colocar R$5 bilh\u00f5es at\u00e9 o fim do ano, e nos outros anos subsequentes aumentar um pouco&#8221;, disse ele. &#8220;Isso [o valor dos empr\u00e9stimos] depende da capacidade de financiamento de cada ente. N\u00e3o tem uma divis\u00e3o pr\u00e9via [de quanto ser\u00e1 emprestado a cada estado e munic\u00edpio]&#8221;.<\/p>\n<h4>Banco pode ser mais forte<\/h4>\n<p>Dyogo Oliveira defendeu que o banco seja mais forte em a\u00e7\u00f5es de infraestrutura social, em projetos de \u00e1reas como seguran\u00e7a, educa\u00e7\u00e3o e saneamento. Al\u00e9m disso, ele disse acreditar que o BNDES precisa se aproximar dos clientes e aumentar a agilidade de seus processos.<\/p>\n<p>&#8220;Na era dos juros baixos, o papel do BNDES \u00e9 diferente. O diferencial de taxa de juros n\u00e3o \u00e9 t\u00e3o relevante. Uma coisa \u00e9 ter uma Selic de 20%, de 30%, e o BNDES emprestar a 8% ou 9%. Outra coisa \u00e9 ter uma Selic de 6% e o BNDES emprestar a 5%. Esse diferencial n\u00e3o \u00e9 t\u00e3o expressivo e o que \u00e9 mais importante \u00e9 a agilidade de resolver, decidir e implementar as coisas. Uma empresa vai preferir tomar um empr\u00e9stimo um por cento mais caro e que sai mais r\u00e1pido&#8221;, disse.<\/p>\n<p>Nesse sentido, ele acredita que o caminho \u00e9 uma digitaliza\u00e7\u00e3o cada vez maior dos servi\u00e7os e processos do banco e uma a\u00e7\u00e3o propositiva visando buscar empresas que tenham potencial para ser incentivadas.<\/p>\n<p>&#8220;De in\u00edcio, estou mantendo o planejamento estrat\u00e9gico que foi feito e fazendo uma revis\u00e3o. Desse processo de revis\u00e3o \u00e9 que sair\u00e3o novas metas, novas diretrizes e um novo direcionamento do banco&#8221;, afirmou o novo presidente, que tamb\u00e9m manteve os diretores da gest\u00e3o anterior at\u00e9 que seja feita uma avalia\u00e7\u00e3o detalhada da estrutura do banco.<\/p>\n<hr \/>\n<p>&nbsp;Fonte: Ag\u00eancia Brasil<\/p>\n","protected":false},"excerpt":{"rendered":"<p>O novo presidente do Banco Nacional do Desenvolvimento Econ\u00f4mico e Social (BNDES), Dyogo Oliveira, disse nessa segunda-feira, 9, no Rio de Janeiro, que os R$42 bilh\u00f5es reservados para financiar projetos de seguran\u00e7a p\u00fablica de estados e munic\u00edpios j\u00e1 est\u00e3o dispon\u00edveis, mas dependem da capacidade de endividamento de cada um que apresentar propostas. Ex-ministro do Planejamento, [&hellip;]<\/p>\n","protected":false},"author":96,"featured_media":95903,"comment_status":"closed","ping_status":"closed","sticky":false,"template":"","format":"standard","meta":{"footnotes":""},"categories":[261],"tags":[],"class_list":["post-95904","post","type-post","status-publish","format-standard","has-post-thumbnail","hentry","category-economia"],"_links":{"self":[{"href":"https:\/\/diarioregionaldigital.com.br\/index.php?rest_route=\/wp\/v2\/posts\/95904","targetHints":{"allow":["GET"]}}],"collection":[{"href":"https:\/\/diarioregionaldigital.com.br\/index.php?rest_route=\/wp\/v2\/posts"}],"about":[{"href":"https:\/\/diarioregionaldigital.com.br\/index.php?rest_route=\/wp\/v2\/types\/post"}],"author":[{"embeddable":true,"href":"https:\/\/diarioregionaldigital.com.br\/index.php?rest_route=\/wp\/v2\/users\/96"}],"replies":[{"embeddable":true,"href":"https:\/\/diarioregionaldigital.com.br\/index.php?rest_route=%2Fwp%2Fv2%2Fcomments&post=95904"}],"version-history":[{"count":0,"href":"https:\/\/diarioregionaldigital.com.br\/index.php?rest_route=\/wp\/v2\/posts\/95904\/revisions"}],"wp:featuredmedia":[{"embeddable":true,"href":"https:\/\/diarioregionaldigital.com.br\/index.php?rest_route=\/wp\/v2\/media\/95903"}],"wp:attachment":[{"href":"https:\/\/diarioregionaldigital.com.br\/index.php?rest_route=%2Fwp%2Fv2%2Fmedia&parent=95904"}],"wp:term":[{"taxonomy":"category","embeddable":true,"href":"https:\/\/diarioregionaldigital.com.br\/index.php?rest_route=%2Fwp%2Fv2%2Fcategories&post=95904"},{"taxonomy":"post_tag","embeddable":true,"href":"https:\/\/diarioregionaldigital.com.br\/index.php?rest_route=%2Fwp%2Fv2%2Ftags&post=95904"}],"curies":[{"name":"wp","href":"https:\/\/api.w.org\/{rel}","templated":true}]}}