{"id":95902,"date":"2018-04-09T20:15:27","date_gmt":"2018-04-09T23:15:27","guid":{"rendered":"http:\/\/diarioregionaljf.com.br\/2018\/04\/09\/fab-confirma-veracidade-de-audios-vazados-durante-voo-de-lula\/"},"modified":"2018-04-09T20:15:27","modified_gmt":"2018-04-09T23:15:27","slug":"fab-confirma-veracidade-de-audios-vazados-durante-voo-de-lula","status":"publish","type":"post","link":"https:\/\/diarioregionaldigital.com.br\/?p=95902","title":{"rendered":"FAB confirma veracidade de \u00e1udios vazados durante voo de Lula"},"content":{"rendered":"<p>A For\u00e7a A\u00e9rea Brasileira (FAB) confirmou a veracidade de \u00e1udios que circulam nas redes sociais envolvendo comunica\u00e7\u00f5es aeron\u00e1uticas com refer\u00eancias ao ex-presidente Luiz In\u00e1cio Lula da Silva.<\/p>\n<p>A FAB, em nota divulgada no Twitter, esclarece que as duas grava\u00e7\u00f5es foram registradas na frequ\u00eancia da Torre Congonhas, em S\u00e3o Paulo, e da Torre Bacacheri, em Curitiba, na noite de s\u00e1bado, 7, quando Lula era transportado para a Superintend\u00eancia da Pol\u00edcia Federal na capital paranaense.<\/p>\n<p>Em uma das grava\u00e7\u00f5es divulgadas pela imprensa, uma voz masculina, que n\u00e3o se identifica, afirma: &#8220;Leva e n\u00e3o traz nunca mais&#8221; e \u201cManda esse lixo janela abaixo\u201d. Na sequ\u00eancia, uma voz feminina alerta que a frequ\u00eancia \u00e9 gravada e pede que a pessoa se atenha \u00e0 comunica\u00e7\u00e3o padr\u00e3o utilizada em voos.<\/p>\n<p>Ainda de acordo com o comunicado, os \u00e1udios n\u00e3o foram emitidos por controladores de voo. \u201cLamentavelmente, nas grava\u00e7\u00f5es em quest\u00e3o, as frequ\u00eancias foram utilizadas de modo inadequado por alguns usu\u00e1rios que se valeram do anonimato para contrariar essas regras\u201d, informa a FAB.<\/p>\n<h4>&nbsp;<\/h4>\n<h4>CONFIRA, NA \u00cdNTEGRA, O COMUNICADO DIVULGADO PELA FAB NO TWITTER:<\/h4>\n<p>\u201cOs dois \u00e1udios recentes envolvendo comunica\u00e7\u00f5es aeron\u00e1uticas e contendo coment\u00e1rios externos s\u00e3o verdadeiros e ocorreram na frequ\u00eancia da Torre Congonhas, em S\u00e3o Paulo (SP), e na da Torre Bacacheri, em Curitiba (PR), ambos na noite de s\u00e1bado (07\/04).<\/p>\n<p>Podemos afirmar que as refer\u00eancias ao ex-presidente n\u00e3o foram emitidas por controladores de voo.<br \/>As frequ\u00eancias utilizadas para essas comunica\u00e7\u00f5es aeron\u00e1uticas s\u00e3o abertas. O objetivo \u00e9 que todos na sua escuta tenham conhecimento do que est\u00e1 ocorrendo no tr\u00e1fego a\u00e9reo, condi\u00e7\u00e3o importante para manuten\u00e7\u00e3o da seguran\u00e7a operacional.<\/p>\n<p>Quem estiver conectado pode ouvir e falar, seguindo as regras do tr\u00e1fego a\u00e9reo, devendo utilizar a fraseologia padr\u00e3o e se identificar. \u201cLamentavelmente, nas grava\u00e7\u00f5es em quest\u00e3o, as frequ\u00eancias foram utilizadas de modo inadequado por alguns usu\u00e1rios que se valeram do anonimato para contrariar essas regras.\u201d<\/p>\n<p>Fonte: Ag\u00eancia Brasil<\/p>\n","protected":false},"excerpt":{"rendered":"<p>A For\u00e7a A\u00e9rea Brasileira (FAB) confirmou a veracidade de \u00e1udios que circulam nas redes sociais envolvendo comunica\u00e7\u00f5es aeron\u00e1uticas com refer\u00eancias ao ex-presidente Luiz In\u00e1cio Lula da Silva. A FAB, em nota divulgada no Twitter, esclarece que as duas grava\u00e7\u00f5es foram registradas na frequ\u00eancia da Torre Congonhas, em S\u00e3o Paulo, e da Torre Bacacheri, em Curitiba, [&hellip;]<\/p>\n","protected":false},"author":96,"featured_media":95901,"comment_status":"closed","ping_status":"closed","sticky":false,"template":"","format":"standard","meta":{"footnotes":""},"categories":[254],"tags":[],"class_list":["post-95902","post","type-post","status-publish","format-standard","has-post-thumbnail","hentry","category-politica"],"_links":{"self":[{"href":"https:\/\/diarioregionaldigital.com.br\/index.php?rest_route=\/wp\/v2\/posts\/95902","targetHints":{"allow":["GET"]}}],"collection":[{"href":"https:\/\/diarioregionaldigital.com.br\/index.php?rest_route=\/wp\/v2\/posts"}],"about":[{"href":"https:\/\/diarioregionaldigital.com.br\/index.php?rest_route=\/wp\/v2\/types\/post"}],"author":[{"embeddable":true,"href":"https:\/\/diarioregionaldigital.com.br\/index.php?rest_route=\/wp\/v2\/users\/96"}],"replies":[{"embeddable":true,"href":"https:\/\/diarioregionaldigital.com.br\/index.php?rest_route=%2Fwp%2Fv2%2Fcomments&post=95902"}],"version-history":[{"count":0,"href":"https:\/\/diarioregionaldigital.com.br\/index.php?rest_route=\/wp\/v2\/posts\/95902\/revisions"}],"wp:featuredmedia":[{"embeddable":true,"href":"https:\/\/diarioregionaldigital.com.br\/index.php?rest_route=\/wp\/v2\/media\/95901"}],"wp:attachment":[{"href":"https:\/\/diarioregionaldigital.com.br\/index.php?rest_route=%2Fwp%2Fv2%2Fmedia&parent=95902"}],"wp:term":[{"taxonomy":"category","embeddable":true,"href":"https:\/\/diarioregionaldigital.com.br\/index.php?rest_route=%2Fwp%2Fv2%2Fcategories&post=95902"},{"taxonomy":"post_tag","embeddable":true,"href":"https:\/\/diarioregionaldigital.com.br\/index.php?rest_route=%2Fwp%2Fv2%2Ftags&post=95902"}],"curies":[{"name":"wp","href":"https:\/\/api.w.org\/{rel}","templated":true}]}}